{"id":953,"date":"2025-12-17T13:36:51","date_gmt":"2025-12-17T13:36:51","guid":{"rendered":"https:\/\/sprawapowszechna.org\/?p=953"},"modified":"2026-04-06T20:22:48","modified_gmt":"2026-04-06T20:22:48","slug":"stop-operacji-kagar-przeciw-masakrom-w-indiach","status":"publish","type":"post","link":"https:\/\/sprawapowszechna.org\/?p=953","title":{"rendered":"Stop Operacji Kagar! Przeciw masakrom w Indiach"},"content":{"rendered":"\n<p class=\"has-heading-color-color has-text-color has-link-color wp-elements-572882d982a974fdb72a9c5dd6bf9afb\">Z ko\u0144cem 2023 roku rz\u0105d Indii og\u0142osi\u0142 rozpocz\u0119cie Operacji Kagar (hin. \u2018Misja Ostateczna\u2019), b\u0119d\u0105cej kolejn\u0105 w serii wieloletnich ofensyw militarnych, operacj\u0105 maj\u0105c\u0105 na celu z\u0142amanie oporu ludno\u015bci rdzennej centralnych region\u00f3w (Adiwas\u00f3w), wobec wszechobecnej grabie\u017cy i korporatyzacji ich ziem, las\u00f3w oraz \u015brodowiska naturalnego. Operacja ta prowadzona pod narracj\u0105 walki z si\u0142ami rewolucyjnymi, kt\u00f3re od Jharkandu, przez Chhattisgarh, po Telangan\u0119 organizuj\u0105 lokalne spo\u0142eczno\u015bci. Odbywa si\u0119 z udzia\u0142em nawet do 80 tysi\u0119cy agent\u00f3w rz\u0105dowych: wojska, specjalnych jednostek policji oraz paramilitarnych boj\u00f3wek i w rzeczywisto\u015bci wymierzona jest ca\u0142\u0105 swoj\u0105 moc\u0105 w og\u00f3\u0142 ludno\u015bci regionu.<\/p>\n\n\n\n<p class=\"has-heading-color-color has-text-color has-link-color wp-elements-ced7a6b78c5a3150514e0f78ea8428c8\">Si\u0142y reakcyjnego pa\u0144stwa do pacyfikacji stosuj\u0105 praktyki inscenizowanych star\u0107, gdzie zar\u00f3wno poddaj\u0105cy si\u0119 kombatanci, jak i ludno\u015b\u0107 podejrzewana o sympatyzowanie z nimi poddawani s\u0105 sumarycznym egzekucjom fa\u0142szowanym na pojedynki zbrojne. Wykorzystywany jest r\u00f3wnie\u017c system \u201cbezpiecznych wiosek\u201d, s\u0142u\u017c\u0105cych jako obozy koncentracyjne, w kt\u00f3rych \u015bwie\u017co podbite spo\u0142eczno\u015bci poddawane s\u0105 bezpo\u015bredniej kontroli, militaryzacji \u017cycia codziennego i w r\u00f3\u017cnym stopniu fizycznie odgradzane od otoczenia, funkcjonuj\u0105c jak w wi\u0119zieniach. Najbrutalniejsza wojna toczona jest w lasach Dandakaranya, kt\u00f3re od dziesi\u0119coleci wolne by\u0142y od grabie\u017cczej kontroli kapitalistycznego pa\u0144stwa indyjskiego.To sk\u0142onne jest na rozszerzanie koncesji imperialistycznych operacji g\u00f3rniczych w regionie i wci\u0105gni\u0119cie w systemy wyzysku i kastowo\u015bci ludno\u015bci adiwaskiej, tradycyjnie z nich wyj\u0119tej.<\/p>\n\n\n\n<figure class=\"wp-block-image aligncenter size-large is-resized\"><img fetchpriority=\"high\" decoding=\"async\" width=\"1024\" height=\"1024\" src=\"https:\/\/sprawapowszechna.org\/wp-content\/uploads\/2025\/12\/image-1024x1024.png\" alt=\"\" class=\"wp-image-957\" style=\"width:320px;height:auto\" srcset=\"https:\/\/sprawapowszechna.org\/wp-content\/uploads\/2025\/12\/image-1024x1024.png 1024w, https:\/\/sprawapowszechna.org\/wp-content\/uploads\/2025\/12\/image-300x300.png 300w, https:\/\/sprawapowszechna.org\/wp-content\/uploads\/2025\/12\/image-150x150.png 150w, https:\/\/sprawapowszechna.org\/wp-content\/uploads\/2025\/12\/image-768x768.png 768w, https:\/\/sprawapowszechna.org\/wp-content\/uploads\/2025\/12\/image.png 1080w\" sizes=\"(max-width: 1024px) 100vw, 1024px\" \/><\/figure>\n\n\n\n<p class=\"has-heading-color-color has-text-color has-link-color wp-elements-4227d23250136c06eaf9f914dc0690c9\">Forum Przeciwko Militaryzacji i Korporatyzacji, <a href=\"https:\/\/www.facebook.com\/share\/p\/1CsamCNxup\/\">podaje<\/a> \u017ce tylko w 2024 roku w operacji zgin\u0119\u0142o ponad 300 os\u00f3b. Wed\u0142ug niepe\u0142nych statystyk za ten rok, skala przemocy jedynie intesyfikuje. W raportach wyliczone s\u0105 dziesi\u0105tki potwierdzonych przypadk\u00f3w egzekucji na bezbronnych cywilach w naje\u017cd\u017canych wioskach. Znane s\u0105 r\u00f3wnie\u017c niezliczone przypadki przemocy seksualnej wobec miejscowych kobiet i dzieci dokonywane, zar\u00f3wno przez si\u0142y rz\u0105dowe, jak i ich paramilitarne boj\u00f3wki.<\/p>\n\n\n\n<p class=\"has-heading-color-color has-text-color has-link-color wp-elements-16a2c6a6b3800fb534add449119ea1a2\"><a href=\"https:\/\/sprawapowszechna.org\/?p=57\">Kontynuuj\u0105c<\/a> nasz\u0105 kampani\u0119 informacyjn\u0105 rozpocz\u0119t\u0105 rok temu, przy\u0142\u0105czamy si\u0119 do apeli organizacji demokratycznych w Indiach i na \u015bwiecie, wzywaj\u0105cych rz\u0105d centralny pa\u0144stwa indyjskiego do zako\u0144czenia tej ludb\u00f3jczej operacji. Jednocze\u015bnie podkre\u015blamy, \u017ce skala przemocy ukazuje jedynie bezsilno\u015b\u0107 aparatu pa\u0144stwowego faszystowskiego re\u017cimu Hindutva, wobec oporu lokalnej ludno\u015bci i \u015bwiadczy o jego niez\u0142omno\u015bci. Wszelkie jego tymczasowe sukcesy skazane s\u0105 na pora\u017ck\u0119 zar\u00f3wno w tym, jak i w ka\u017cdym obj\u0119tym walkami regionem Indii.<\/p>\n\n\n\n<p class=\"has-text-align-left has-heading-color-color has-text-color has-link-color has-normal-font-size wp-elements-130e00bd910b057cd183aededd5353ea\">Przenosz\u0105c to wszystko na rodzime podw\u00f3rko; pr\u00f3by z\u0142amania zbrojnego oporu, brutalne wysiedlenia Adivas\u00f3w i system towarzysz\u0105cych temu &#8222;wiosek filtracyjnych&#8221;, rozgrywane s\u0105, przede wszystkim pod wizj\u0119 rabunku surowc\u00f3w mineralnych regionu. Wszystko to ma podw\u00f3jnie istotne dno i w Polsce, gdy w Indiach masakry na rzecz zabezpieczenia metali rzadkich, potrzebnych do dalszego przenoszenia produkcji post\u0119puj\u0105, tak samo post\u0119puje i dalsze wykorzenianie wysoce zmonopolizowanego przemys\u0142u w ca\u0142ym kraju, gdzie obcy kapita\u0142 przenosz\u0105c si\u0119 z o\u015bciennych kraj\u00f3w europejskich takich jak Polska, do dalszych kraj\u00f3w p\u00f3\u0142kolonialnych np. Indii, z pomoc\u0105 masowych zwolnie\u0144, przenosi w niekt\u00f3rych bran\u017cach ca\u0142e \u0142a\u0144cuchy produkcji za jednym zamachem, aby zar\u00f3wno z\u0142o\u017ca surowc\u00f3w, jak i si\u0142a robocza mog\u0142y by\u0107 kupowane taniej i bez koszt\u00f3w transportu &#8211; u \u017ar\u00f3d\u0142a. Rozwijaj\u0105ca si\u0119 wi\u0119c dzi\u015b w d\u017cunglach Bastaru katastrofa aktywnie zagra\u017ca r\u00f3wnie\u017c sytuacji polskiego pracownika, a nie jedynie rdzennych Adivas\u00f3w, indyjskiemu pracownikowi i ch\u0142opstwu. <\/p>\n\n\n\n<p class=\"has-text-align-left has-heading-color-color has-text-color has-link-color has-normal-font-size wp-elements-5ee0e4cde22c6b4cf324877caa51a1e4\">S\u0142ysz\u0105c, \u017ce wasze zak\u0142ady planuj\u0105 przenie\u015b\u0107 produkcj\u0119 lub inwestowa\u0107 na nowo na terenie Indii, w szczeg\u00f3lno\u015bci tych centralnych (regiony Chhattisgarh, Jharkandu, Telangany, Odishy, Andhra Pradeshu, Wschodniej Maharasztry lub Wschodniego Madhya Pradeshu), warto pami\u0119ta\u0107, \u017ce je\u015bli mowa o produkcji uzale\u017cnionej od metali rzadkich to planowane zwolnienia szefowstwo szykuje nie tylko wam i nie tylko ku naszej lokalnej tragedii, ale i poprzez okupienie ich bestialskim przelewem krwi, gwa\u0142tami i wysiedleniami, wobec dziesi\u0105tek tysi\u0119cy ludzi z jednych z najbardziej uci\u015bnionych grup \u015bwiata. Przeciwstawiaj\u0105c si\u0119 jednoznacznie w tych zak\u0142adach swojemu w\u0142asnemu wyzyskowi i planom bycia wyrzuconym na bruk, walczymy nie tylko o lepsze jutro dla nas, ale i o jakiekolwiek jutro dla wielu.<\/p>\n\n\n\n<p>\u0179r\u00f3d\u0142a:<\/p>\n\n\n\n<ol class=\"wp-block-list\">\n<li><a href=\"https:\/\/vasanthamegham.com\/operation-kagar-the-most-savage-stage-of-the-brutal-war-in-dandakaranaya\/\">https:\/\/vasanthamegham.com\/operation-kagar-the-most-savage-stage-of-the-brutal-war-in-dandakaranaya\/<\/a><\/li>\n\n\n\n<li><a href=\"https:\/\/www.facebook.com\/share\/p\/1CsamCNxup\/\">https:\/\/www.facebook.com\/share\/p\/1CsamCNxup\/<\/a><\/li>\n\n\n\n<li><a href=\"https:\/\/sprawapowszechna.org\/?p=57\">https:\/\/sprawapowszechna.org\/?p=57<\/a><\/li>\n<\/ol>\n\n\n\n<p><\/p>\n","protected":false},"excerpt":{"rendered":"<p>Z ko\u0144cem 2023 roku rz\u0105d Indii og\u0142osi\u0142 rozpocz\u0119cie Operacji Kagar (hin. \u2018Misja Ostateczna\u2019), b\u0119d\u0105cej kolejn\u0105 w serii wieloletnich ofensyw militarnych, operacj\u0105 maj\u0105c\u0105 na celu z\u0142amanie oporu ludno\u015bci rdzennej centralnych region\u00f3w (Adiwas\u00f3w), wobec wszechobecnej grabie\u017cy i korporatyzacji ich ziem, las\u00f3w oraz \u015brodowiska naturalnego. Operacja ta prowadzona pod narracj\u0105 walki z si\u0142ami rewolucyjnymi, kt\u00f3re od Jharkandu, przez&#8230;<\/p>\n","protected":false},"author":1,"featured_media":962,"comment_status":"closed","ping_status":"open","sticky":false,"template":"","format":"standard","meta":{"footnotes":""},"categories":[3],"tags":[],"class_list":["post-953","post","type-post","status-publish","format-standard","has-post-thumbnail","hentry","category-artykul"],"_links":{"self":[{"href":"https:\/\/sprawapowszechna.org\/index.php?rest_route=\/wp\/v2\/posts\/953","targetHints":{"allow":["GET"]}}],"collection":[{"href":"https:\/\/sprawapowszechna.org\/index.php?rest_route=\/wp\/v2\/posts"}],"about":[{"href":"https:\/\/sprawapowszechna.org\/index.php?rest_route=\/wp\/v2\/types\/post"}],"author":[{"embeddable":true,"href":"https:\/\/sprawapowszechna.org\/index.php?rest_route=\/wp\/v2\/users\/1"}],"replies":[{"embeddable":true,"href":"https:\/\/sprawapowszechna.org\/index.php?rest_route=%2Fwp%2Fv2%2Fcomments&post=953"}],"version-history":[{"count":5,"href":"https:\/\/sprawapowszechna.org\/index.php?rest_route=\/wp\/v2\/posts\/953\/revisions"}],"predecessor-version":[{"id":1189,"href":"https:\/\/sprawapowszechna.org\/index.php?rest_route=\/wp\/v2\/posts\/953\/revisions\/1189"}],"wp:featuredmedia":[{"embeddable":true,"href":"https:\/\/sprawapowszechna.org\/index.php?rest_route=\/wp\/v2\/media\/962"}],"wp:attachment":[{"href":"https:\/\/sprawapowszechna.org\/index.php?rest_route=%2Fwp%2Fv2%2Fmedia&parent=953"}],"wp:term":[{"taxonomy":"category","embeddable":true,"href":"https:\/\/sprawapowszechna.org\/index.php?rest_route=%2Fwp%2Fv2%2Fcategories&post=953"},{"taxonomy":"post_tag","embeddable":true,"href":"https:\/\/sprawapowszechna.org\/index.php?rest_route=%2Fwp%2Fv2%2Ftags&post=953"}],"curies":[{"name":"wp","href":"https:\/\/api.w.org\/{rel}","templated":true}]}}