{"id":937,"date":"2025-11-02T16:07:36","date_gmt":"2025-11-02T16:07:36","guid":{"rendered":"https:\/\/sprawapowszechna.org\/?p=937"},"modified":"2025-11-02T16:07:36","modified_gmt":"2025-11-02T16:07:36","slug":"wojna-przeciw-ameryce-poludniowej-imperialny-terror-na-calej-polkuli","status":"publish","type":"post","link":"https:\/\/sprawapowszechna.org\/?p=937","title":{"rendered":"Wojna przeciw Ameryce Po\u0142udniowej &#8211; Imperialny terror na ca\u0142ej p\u00f3\u0142kuli"},"content":{"rendered":"\n<p><\/p>\n\n\n\n<p class=\"has-text-align-center has-medium-font-size\"><strong>Brazylia<\/strong><\/p>\n\n\n\n<p>28. pa\u017adziernika w Fawelach Alem\u00e3o i Penha, policja stanu Rio De Janeiro przeprowadzi\u0142a najwi\u0119ksz\u0105 \u201coperacj\u0119 przeciw przest\u0119pczo\u015bci narkotykowej\u201d (w rzeczywisto\u015bci masakr\u0119) w dziejach miasta. W ci\u0105gu jednego dnia zabi\u0142a co najmniej 136 os\u00f3b. Ob\u015bpiewana jako sukces w walce z zorganizowan\u0105 przest\u0119pczo\u015bci\u0105 przez faszystowskiego gubernatora stanu Rio \u2013 Claudio Castro, sojusznika Bolsanaro, Trumpa i Netanjahu, masakra ta mia\u0142a \u201codzyska\u0107 kontrol\u0119\u201d pa\u0144stwa nad wspomnianymi fawelami. <br>To okrutne t\u0142umaczenie ma dawa\u0107 podwaliny pod usprawiedliwienie terroru wobec najbiedniejszych mieszka\u0144c\u00f3w i ich ofiar\u0105 przys\u0142ania\u0107 niemoc i niech\u0119\u0107 dzia\u0142ania pa\u0144stwa wobec systemowych czynnik\u00f3w handlu narkotykami.<\/p>\n\n\n\n<p>Dotychczasowe ataki na najbardziej dotkni\u0119t\u0105 Fawel\u0119 Alem\u00e3o i ustanowienie w niej w 2010 roku \u201cPacyfikuj\u0105cych Jednostek Policji (UPP)\u201d nie ograniczy\u0142y w \u017cadnym stopniu handlu narkotykami. Ci sami funkcjonariusze zapisali si\u0119 we wspomnieniach mieszka\u0144c\u00f3w jako nowi propagatorzy handlu i militaryzacji lokalnych gang\u00f3w. Wraz z obecn\u0105 operacj\u0105, w kt\u00f3rej dochodzi\u0142o do tortur i sumarycznych egzekucji, m\u00f3wi\u0107 mo\u017cna jedynie o kolejnej zmianie okupanta. Co ciekawe jednostki specjalne brazylijskiej policji (BOPE) poza swoim okrucie\u0144stwem, znane s\u0105 jeszcze ze wsp\u00f3\u0142pracy z izraelsk\u0105 firm\u0105 konsultingu bezpiecze\u0144stwa \u2013 ISDS. <\/p>\n\n\n\n<p>ISDS szkoli BOPE w metodach rozstawiania tymczasowych posterunk\u00f3w na dachach dom\u00f3w, eksportuj\u0105c praktyki apartheidowej kontroli ludno\u015bci na drugi koniec \u015bwiata. Posterunki te, zar\u00f3wno w Zachodnim Brzegu jak i w Fawelach, s\u0142u\u017c\u0105 jako narz\u0119dzie zastraszania, gn\u0119bienia, a czasem i mordu na lokalnych spo\u0142eczno\u015bciach.<\/p>\n\n\n\n<figure class=\"wp-block-image aligncenter size-large\"><img fetchpriority=\"high\" decoding=\"async\" width=\"1024\" height=\"1024\" src=\"https:\/\/sprawapowszechna.org\/wp-content\/uploads\/2025\/11\/SnapInsta.to_570611527_17952846114041436_1595127223835711455_n-1024x1024.webp\" alt=\"\" class=\"wp-image-948\" srcset=\"https:\/\/sprawapowszechna.org\/wp-content\/uploads\/2025\/11\/SnapInsta.to_570611527_17952846114041436_1595127223835711455_n-1024x1024.webp 1024w, https:\/\/sprawapowszechna.org\/wp-content\/uploads\/2025\/11\/SnapInsta.to_570611527_17952846114041436_1595127223835711455_n-300x300.webp 300w, https:\/\/sprawapowszechna.org\/wp-content\/uploads\/2025\/11\/SnapInsta.to_570611527_17952846114041436_1595127223835711455_n-150x150.webp 150w, https:\/\/sprawapowszechna.org\/wp-content\/uploads\/2025\/11\/SnapInsta.to_570611527_17952846114041436_1595127223835711455_n-768x768.webp 768w, https:\/\/sprawapowszechna.org\/wp-content\/uploads\/2025\/11\/SnapInsta.to_570611527_17952846114041436_1595127223835711455_n.webp 1080w\" sizes=\"(max-width: 1024px) 100vw, 1024px\" \/><figcaption class=\"wp-element-caption\">&#8222;Organizuj sw\u00f3j gniew&#8221; &#8211; graffiti na zw\u0119glonym poje\u017adzie po masakrze w Faweli Alem\u00e3o<\/figcaption><\/figure>\n\n\n\n<p class=\"has-text-align-center has-medium-font-size\"><br><strong>Ekwador<\/strong><\/p>\n\n\n\n<p>Ekwador by\u0142 niedawno miejscem spontanicznego powstania. W zwi\u0105zku ze zniesieniem subsydi\u00f3w paliwowych dla prywatnych odbiorc\u00f3w, ludzie wyszli na ulice protestowa\u0107 przeciwko polityce zaciskania pasa przez pro-ameryka\u0144skiego prezydenta Daniela Nobo\u0119. Powstanie najsilniej i najd\u0142u\u017cej rezonuje w p\u00f3\u0142nocnej prowicji Imbabura, wspierane szeroko przez robotnik\u00f3w, ch\u0142op\u00f3w i rdzennych mieszka\u0144c\u00f3w gdzie znane jest jako \u201cPowstanie Ludowo-Rdzenne\u201d. Pomimo kapitulacji przyw\u00f3dctwa parlamentarnych organizacji robotniczych i rdzennych, du\u017ca cz\u0119\u015b\u0107 pracuj\u0105cych Imbabury wci\u0105\u017c kontynuowa\u0142a masowe blokady, strajki i akcje sabota\u017cowe. Domagaj\u0105c si\u0119 pe\u0142nego odst\u0105pienia od decyzji przez rz\u0105d, kt\u00f3ry w du\u017cej mierze niezdolny by\u0142 odzyska\u0107 kontrol\u0119 nad regionem. <\/p>\n\n\n\n<p>D\u0142ugotrwa\u0142y charakter powstania zmartwi\u0142 w\u0142adze do tego stopnia, \u017ce 21. pa\u017adziernika postanowi\u0142y one przeprowadzi\u0107 bombardowania g\u00f3r wok\u00f3\u0142 miejscowo\u015bci Buenos Aires w Imbabura. T\u0105 terrorystyczn\u0105 akcj\u0119 zbombardowania w\u0142asnych obywateli Noboa nie raczy\u0142 usprawiedliwia\u0107 w domu. Jedn\u0105 z pierwszych rzeczy, kt\u00f3re po jej przeprowadzeniu zrobi\u0142 to napisanie publicznie do swojego Pana na X: \u201c<em>Prezydencie Trump, Ekwador trzyma si\u0119 globalnej walki przeciwhandlu narkotykami inielegalnemu g\u00f3rnictwu\u2026<\/em>\u201d. Ta przykrywka zataja\u0107 ma jednoczesny terrorystyczny i militarny charakter operacji. Jak pisze walcz\u0105cy na pierwszych liniach Powstania Ludowo-Rdzennego Imbabury FDLP-EP: <br><\/p>\n\n\n\n<p>\u201c<em>Re\u017cim ekwadorski powiela strategie \u201eprewencyjnego zwalczania partyzantki\u201d promowane przez Po\u0142udniowe Dow\u00f3dztwo Stan\u00f3w Zjednoczonych, wpisuj\u0105ce si\u0119 w doktryn\u0119 bezpiecze\u0144stwa hemisferycznego<\/em>\u201d.<\/p>\n\n\n\n<p class=\"has-text-align-center has-medium-font-size\"><strong>Wenezuela<\/strong><\/p>\n\n\n\n<p>Zgodnie z t\u0105 doktryn\u0105 imperializm ameryka\u0144ski post\u0119puje r\u00f3wnie\u017c w Wenezueli, wobec niej nie posiada jednak mechanizm\u00f3w terroru wewn\u0119trznego. Suplementuje to atakami dron\u00f3w wobec wenezuelskich, kolumbijskich i trynidackich rybak\u00f3w, ponownie wycieraj\u0105c swoj\u0105 mord\u0119 jakoby byli to \u201chandlarze narkotyk\u00f3w\u201d. Sytuacja jest tu zgo\u0142a inna, ataki nie s\u0142u\u017c\u0105 podtrzymaniu w\u0142adzy imperialnych s\u0142ug. Agresja ta kreuje klimat, w kt\u00f3rym jankesi zaczynaja m\u00f3wi\u0107 o wielkoskalowych atakach na Wenezuel\u0119 b\u0105d\u017a nawet inwazji, w celu zmiany re\u017cimu.<\/p>\n\n\n\n<p>Gdy Ameryka \u0141aci\u0144ska ponownie zaczyna p\u0142on\u0105\u0107, a widma \u2018Operacji Kondor\u2019 si\u0119 budz\u0105, odpowied\u017a mo\u017ce by\u0107 tylko jedna &#8211; tak jak powszechny op\u00f3r w Palestynie, tak w Wenezueli, Ekwadorze, Brazylii \u2013 tylko walka Ludu przeciw imperialistycznej agresji w ka\u017cdej jej formie zamieni jej \u201cpodw\u00f3rko\u201d w jej cmentarz.<\/p>\n\n\n\n<p><\/p>\n\n\n\n<p class=\"has-small-font-size\">\u0179r\u00f3d\u0142a:<\/p>\n\n\n\n<figure class=\"wp-block-embed is-type-wp-embed is-provider-a-nova-democracia wp-block-embed-a-nova-democracia\"><div class=\"wp-block-embed__wrapper\">\n<blockquote class=\"wp-embedded-content\" data-secret=\"2H8vJibbhu\"><a href=\"https:\/\/anovademocracia.com.br\/maior-operacao-de-guerra-recente-no-rj-mata-mais-de-60-pessoas-e-paralisa-toda-a-cidade\/\">RJ: \u2018Maior opera\u00e7\u00e3o\u2019 de guerra dos \u00faltimos 15 anos chacina mais de 60 pessoas e paralisa toda a cidade<\/a><\/blockquote><iframe class=\"wp-embedded-content\" sandbox=\"allow-scripts\" security=\"restricted\" style=\"position: absolute; visibility: hidden;\" title=\"&#8220;RJ: \u2018Maior opera\u00e7\u00e3o\u2019 de guerra dos \u00faltimos 15 anos chacina mais de 60 pessoas e paralisa toda a cidade&#8221; &#8212; A Nova Democracia\" src=\"https:\/\/anovademocracia.com.br\/maior-operacao-de-guerra-recente-no-rj-mata-mais-de-60-pessoas-e-paralisa-toda-a-cidade\/embed\/#?secret=aCpxgV6RYY#?secret=2H8vJibbhu\" data-secret=\"2H8vJibbhu\" width=\"500\" height=\"282\" frameborder=\"0\" marginwidth=\"0\" marginheight=\"0\" scrolling=\"no\"><\/iframe>\n<\/div><\/figure>\n\n\n\n<p><br><a href=\"https:\/\/wagingnonviolence.org\/wr\/2020\/02\/militarism-israeli-companies-market-repression-latin-america\/\">https:\/\/wagingnonviolence.org\/wr\/2020\/02\/militarism-israeli-companies-market-repression-latin-america\/<\/a><\/p>\n\n\n\n<p><a href=\"https:\/\/fdlp-ec.blogspot.com\/2025\/10\/el-levantamiento-indigena-popular-y.html\">https:\/\/fdlp-ec.blogspot.com\/2025\/10\/el-levantamiento-indigena-popular-y.html<\/a><\/p>\n\n\n\n<p><a href=\"https:\/\/fdlp-ec.blogspot.com\/2025\/10\/mas-alla-de-la-traicion-de-vargas-y-la.html\">https:\/\/fdlp-ec.blogspot.com\/2025\/10\/mas-alla-de-la-traicion-de-vargas-y-la.html<\/a><\/p>\n\n\n\n<figure class=\"wp-block-embed is-type-wp-embed is-provider-nueva-democracia wp-block-embed-nueva-democracia\"><div class=\"wp-block-embed__wrapper\">\n<blockquote class=\"wp-embedded-content\" data-secret=\"JMIzqgfUMz\"><a href=\"https:\/\/nuevademocracia.com.co\/?p=28196\">El imperialismo yanqui lanza acusaciones contra Colombia y Venezuela con pretextos de militarizaci\u00f3n en el subcontinente<\/a><\/blockquote><iframe class=\"wp-embedded-content\" sandbox=\"allow-scripts\" security=\"restricted\" style=\"position: absolute; visibility: hidden;\" title=\"\u00abEl imperialismo yanqui lanza acusaciones contra Colombia y Venezuela con pretextos de militarizaci\u00f3n en el subcontinente\u00bb \u2014 Nueva Democracia\" src=\"https:\/\/nuevademocracia.com.co\/?p=28196&#038;embed=true#?secret=1Hue5AoMxc#?secret=JMIzqgfUMz\" data-secret=\"JMIzqgfUMz\" width=\"500\" height=\"282\" frameborder=\"0\" marginwidth=\"0\" marginheight=\"0\" scrolling=\"no\"><\/iframe>\n<\/div><\/figure>\n","protected":false},"excerpt":{"rendered":"<p>Brazylia 28. pa\u017adziernika w Fawelach Alem\u00e3o i Penha, policja stanu Rio De Janeiro przeprowadzi\u0142a najwi\u0119ksz\u0105 \u201coperacj\u0119 przeciw przest\u0119pczo\u015bci narkotykowej\u201d (w rzeczywisto\u015bci masakr\u0119) w dziejach miasta. W ci\u0105gu jednego dnia zabi\u0142a co najmniej 136 os\u00f3b. Ob\u015bpiewana jako sukces w walce z zorganizowan\u0105 przest\u0119pczo\u015bci\u0105 przez faszystowskiego gubernatora stanu Rio \u2013 Claudio Castro, sojusznika Bolsanaro, Trumpa i Netanjahu,&#8230;<\/p>\n","protected":false},"author":1,"featured_media":941,"comment_status":"closed","ping_status":"open","sticky":false,"template":"","format":"standard","meta":{"footnotes":""},"categories":[3],"tags":[],"class_list":["post-937","post","type-post","status-publish","format-standard","has-post-thumbnail","hentry","category-artykul"],"_links":{"self":[{"href":"https:\/\/sprawapowszechna.org\/index.php?rest_route=\/wp\/v2\/posts\/937","targetHints":{"allow":["GET"]}}],"collection":[{"href":"https:\/\/sprawapowszechna.org\/index.php?rest_route=\/wp\/v2\/posts"}],"about":[{"href":"https:\/\/sprawapowszechna.org\/index.php?rest_route=\/wp\/v2\/types\/post"}],"author":[{"embeddable":true,"href":"https:\/\/sprawapowszechna.org\/index.php?rest_route=\/wp\/v2\/users\/1"}],"replies":[{"embeddable":true,"href":"https:\/\/sprawapowszechna.org\/index.php?rest_route=%2Fwp%2Fv2%2Fcomments&post=937"}],"version-history":[{"count":5,"href":"https:\/\/sprawapowszechna.org\/index.php?rest_route=\/wp\/v2\/posts\/937\/revisions"}],"predecessor-version":[{"id":950,"href":"https:\/\/sprawapowszechna.org\/index.php?rest_route=\/wp\/v2\/posts\/937\/revisions\/950"}],"wp:featuredmedia":[{"embeddable":true,"href":"https:\/\/sprawapowszechna.org\/index.php?rest_route=\/wp\/v2\/media\/941"}],"wp:attachment":[{"href":"https:\/\/sprawapowszechna.org\/index.php?rest_route=%2Fwp%2Fv2%2Fmedia&parent=937"}],"wp:term":[{"taxonomy":"category","embeddable":true,"href":"https:\/\/sprawapowszechna.org\/index.php?rest_route=%2Fwp%2Fv2%2Fcategories&post=937"},{"taxonomy":"post_tag","embeddable":true,"href":"https:\/\/sprawapowszechna.org\/index.php?rest_route=%2Fwp%2Fv2%2Ftags&post=937"}],"curies":[{"name":"wp","href":"https:\/\/api.w.org\/{rel}","templated":true}]}}