{"id":93,"date":"2024-09-18T19:30:21","date_gmt":"2024-09-18T19:30:21","guid":{"rendered":"https:\/\/sprawapowszechna.org\/?p=93"},"modified":"2026-04-11T19:37:16","modified_gmt":"2026-04-11T19:37:16","slug":"akcja-antyimperialistyczna-mobilizacje-dla-palestyny","status":"publish","type":"post","link":"https:\/\/sprawapowszechna.org\/?p=93","title":{"rendered":"Kalendarium mobilizacji dla Palestyny"},"content":{"rendered":"\n<p>Tego lata  osoby skupione wok\u00f3\u0142 dzia\u0142alno\u015bci antyimperialistycznej przeprowadzi\u0142y liczne dzia\u0142ania solidarno\u015bciowe z ludno\u015bci\u0105 Palestyny poprzez mobilizacje na akcjach protestacyjnych i wydarzeniach kulturalnych w Toruniu i Krakowie.<\/p>\n\n\n\n<p>20 Czerwca, na Uniwersytecie im. Miko\u0142aja Kopernika w Toruniu, koalicja Toru\u0144 z Palestyn\u0105 z pomoc\u0105 Akcji Antyimperialistycznej i os\u00f3b z lokalnego \u015brodowiska akademickiego min. z Ko\u0142a M\u0142odych Inicjatywy Pracowniczej zorganizowa\u0142a pro-palesty\u0144sk\u0105 demonstracj\u0119 w ramach og\u00f3lnokrajowej akcji solidarno\u015bciowej z represjonowanymi studentami Uniwersytetu Warszawskiego, aresztowanymi par\u0119 dni wcze\u015bniej ze wzgl\u0119du na ich strajk okupacyjny. W ramach protestu w Toruniu jak i we wszystkich 10 miastach bior\u0105cych udzia\u0142 w mobilizacji odczytano manfiest Og\u00f3lnopolskiego Komitetu Strajkowego dla Palestyny, wznoszono has\u0142a solidarno\u015bci z ludno\u015bci\u0105 palesty\u0144sk\u0105, represjowanymi studentami UW oraz powiewano palesty\u0144sk\u0105 flag\u0119.<\/p>\n\n\n\n<p><\/p>\n\n\n\n<figure class=\"wp-block-gallery has-nested-images columns-default is-cropped wp-block-gallery-1 is-layout-flex wp-block-gallery-is-layout-flex\">\n<figure class=\"wp-block-image size-large is-style-default\"><img fetchpriority=\"high\" decoding=\"async\" width=\"587\" height=\"582\" data-id=\"102\" src=\"https:\/\/sprawapowszechna.org\/wp-content\/uploads\/2024\/09\/image-4.png\" alt=\"Obrazek posiada pusty atrybut alt; plik o nazwie Screenshot_2024-09-18_20-33-24.png\" class=\"wp-image-102\" srcset=\"https:\/\/sprawapowszechna.org\/wp-content\/uploads\/2024\/09\/image-4.png 587w, https:\/\/sprawapowszechna.org\/wp-content\/uploads\/2024\/09\/image-4-300x297.png 300w, https:\/\/sprawapowszechna.org\/wp-content\/uploads\/2024\/09\/image-4-150x150.png 150w\" sizes=\"(max-width: 587px) 100vw, 587px\" \/><\/figure>\n\n\n\n<figure class=\"wp-block-image size-large is-resized is-style-default\"><img decoding=\"async\" width=\"781\" height=\"592\" data-id=\"95\" src=\"https:\/\/sprawapowszechna.org\/wp-content\/uploads\/2024\/09\/Screenshot_2024-08-26_16-36-40.png\" alt=\"\" class=\"wp-image-95\" style=\"width:338px;height:auto\" srcset=\"https:\/\/sprawapowszechna.org\/wp-content\/uploads\/2024\/09\/Screenshot_2024-08-26_16-36-40.png 781w, https:\/\/sprawapowszechna.org\/wp-content\/uploads\/2024\/09\/Screenshot_2024-08-26_16-36-40-300x227.png 300w, https:\/\/sprawapowszechna.org\/wp-content\/uploads\/2024\/09\/Screenshot_2024-08-26_16-36-40-768x582.png 768w\" sizes=\"(max-width: 781px) 100vw, 781px\" \/><\/figure>\n<\/figure>\n\n\n\n<p>1 Wrze\u015bnia z inicjatywy zorganizowanej przez Akademi\u0119 Dla Palestyny osoby uczestniczy\u0142y w licznej pro-palesty\u0144skiej demonstracji skupiaj\u0105cej dziesi\u0105tki lokalnych student\u00f3w, aktywist\u00f3w, cz\u0142onk\u00f3w diaspory palesty\u0144skiej i mieszka\u0144c\u00f3w miasta.                                                                                                                                                         Demonstracja przesz\u0142a tras\u0105 z Collegium Novum Uniwersytetu Jagiello\u0144skiego przez Rynek G\u0142\u00f3wny, a\u017c pod konsulat ameryka\u0144ski, na ka\u017cdym z przystank\u00f3w wznoszono okrzyki solidarno\u015bci z ludno\u015bci\u0105 i oporem Palestyny.<\/p>\n\n\n\n<p>Z racji symbolicznej daty, w kt\u00f3rej odby\u0142o si\u0119 wydarzenie (85 rocznica inwazji nazistowskich Niemiec na Polske)         w trakcie przem\u00f3wie\u0144 nie zabrak\u0142o por\u00f3wnania sytuacji ludno\u015bci cywilnej Palestyny do tej w Polsce sprzed lat           w szczeg\u00f3lno\u015bci pada\u0142y por\u00f3wnania mi\u0119dzy kampani\u0105 naukob\u00f3jstwa re\u017cimu syjonistycznego, w ramach kt\u00f3rej zniszczono wszystkie instytucje szkolnictwa wy\u017cszego w Gazie do zbrodni \u2018Sonderaktion Krakau\u2019, kiedy to nazi\u015bci dokonali eksterminacji spo\u0142eczno\u015bci akademickiej Krakowa.<\/p>\n\n\n\n<p><\/p>\n\n\n\n<figure class=\"wp-block-gallery has-nested-images columns-default is-cropped wp-block-gallery-2 is-layout-flex wp-block-gallery-is-layout-flex\">\n<figure class=\"wp-block-image size-large is-resized\"><img decoding=\"async\" width=\"852\" height=\"568\" data-id=\"100\" src=\"https:\/\/sprawapowszechna.org\/wp-content\/uploads\/2024\/09\/image-2.png\" alt=\"\" class=\"wp-image-100\" style=\"width:368px;height:auto\" srcset=\"https:\/\/sprawapowszechna.org\/wp-content\/uploads\/2024\/09\/image-2.png 852w, https:\/\/sprawapowszechna.org\/wp-content\/uploads\/2024\/09\/image-2-300x200.png 300w, https:\/\/sprawapowszechna.org\/wp-content\/uploads\/2024\/09\/image-2-768x512.png 768w\" sizes=\"(max-width: 852px) 100vw, 852px\" \/><\/figure>\n\n\n\n<figure class=\"wp-block-image size-large\"><img loading=\"lazy\" decoding=\"async\" width=\"852\" height=\"568\" data-id=\"103\" src=\"https:\/\/sprawapowszechna.org\/wp-content\/uploads\/2024\/09\/image-5.png\" alt=\"Obrazek posiada pusty atrybut alt; plik o nazwie image-3.png\" class=\"wp-image-103\" srcset=\"https:\/\/sprawapowszechna.org\/wp-content\/uploads\/2024\/09\/image-5.png 852w, https:\/\/sprawapowszechna.org\/wp-content\/uploads\/2024\/09\/image-5-300x200.png 300w, https:\/\/sprawapowszechna.org\/wp-content\/uploads\/2024\/09\/image-5-768x512.png 768w\" sizes=\"(max-width: 852px) 100vw, 852px\" \/><\/figure>\n<\/figure>\n\n\n\n<p>Od 6-9 Wrze\u015bnia w Krakowie na terenie okupowanego Collegium Broscanium i Sp\u00f3\u0142dzielni Ogniwo, miejsce mia\u0142y Dni Oporu \u2013 seria wydarze\u0144 edukacyjnych, kulturalnych i charytatywnych zorganizowanych dla wsparcia i solidarno\u015bci z Palestyn\u0105.<\/p>\n\n\n\n<p>W ich trakcie mo\u017cna by\u0142o odwiedzi\u0107 stoisko Akcji Antyimperialistycznej z sekcj\u0105 informacyjn\u0105 na temat antyimperialistycznych opor\u00f3w ludno\u015bci z ca\u0142ego \u015bwiata.                                                                                                                  Dowiedzie\u0107 mo\u017cna si\u0119 by\u0142o o: akcjach przeciwko Operacji Kagaar w Indiach, walc\u0119 o ziemi\u0119 w Brazylii, powstaniu w Bangladeszu czy losie wi\u0119\u017ani\u00f3w politycznych Sahrawi w Saharze Zachodniej.<\/p>\n\n\n\n<figure class=\"wp-block-gallery has-nested-images columns-default is-cropped wp-block-gallery-3 is-layout-flex wp-block-gallery-is-layout-flex\">\n<figure class=\"wp-block-image size-large is-resized\"><img loading=\"lazy\" decoding=\"async\" width=\"1024\" height=\"768\" data-id=\"105\" src=\"https:\/\/sprawapowszechna.org\/wp-content\/uploads\/2024\/09\/stoiskoAA1-1024x768.jpg\" alt=\"\" class=\"wp-image-105\" style=\"width:389px;height:auto\" srcset=\"https:\/\/sprawapowszechna.org\/wp-content\/uploads\/2024\/09\/stoiskoAA1-1024x768.jpg 1024w, https:\/\/sprawapowszechna.org\/wp-content\/uploads\/2024\/09\/stoiskoAA1-300x225.jpg 300w, https:\/\/sprawapowszechna.org\/wp-content\/uploads\/2024\/09\/stoiskoAA1-768x576.jpg 768w, https:\/\/sprawapowszechna.org\/wp-content\/uploads\/2024\/09\/stoiskoAA1-1536x1152.jpg 1536w, https:\/\/sprawapowszechna.org\/wp-content\/uploads\/2024\/09\/stoiskoAA1-2048x1536.jpg 2048w\" sizes=\"(max-width: 1024px) 100vw, 1024px\" \/><\/figure>\n\n\n\n<figure class=\"wp-block-image size-large\"><img loading=\"lazy\" decoding=\"async\" width=\"1024\" height=\"768\" data-id=\"110\" src=\"https:\/\/sprawapowszechna.org\/wp-content\/uploads\/2024\/09\/stoiskaAA2-3-1024x768.jpg\" alt=\"\" class=\"wp-image-110\" srcset=\"https:\/\/sprawapowszechna.org\/wp-content\/uploads\/2024\/09\/stoiskaAA2-3-1024x768.jpg 1024w, https:\/\/sprawapowszechna.org\/wp-content\/uploads\/2024\/09\/stoiskaAA2-3-300x225.jpg 300w, https:\/\/sprawapowszechna.org\/wp-content\/uploads\/2024\/09\/stoiskaAA2-3-768x576.jpg 768w, https:\/\/sprawapowszechna.org\/wp-content\/uploads\/2024\/09\/stoiskaAA2-3-1536x1152.jpg 1536w, https:\/\/sprawapowszechna.org\/wp-content\/uploads\/2024\/09\/stoiskaAA2-3-2048x1536.jpg 2048w\" sizes=\"(max-width: 1024px) 100vw, 1024px\" \/><\/figure>\n<\/figure>\n","protected":false},"excerpt":{"rendered":"<p>Tego lata osoby skupione wok\u00f3\u0142 dzia\u0142alno\u015bci antyimperialistycznej przeprowadzi\u0142y liczne dzia\u0142ania solidarno\u015bciowe z ludno\u015bci\u0105 Palestyny poprzez mobilizacje na akcjach protestacyjnych i wydarzeniach kulturalnych w Toruniu i Krakowie. 20 Czerwca, na Uniwersytecie im. Miko\u0142aja Kopernika w Toruniu, koalicja Toru\u0144 z Palestyn\u0105 z pomoc\u0105 Akcji Antyimperialistycznej i os\u00f3b z lokalnego \u015brodowiska akademickiego min. z Ko\u0142a M\u0142odych Inicjatywy Pracowniczej&#8230;<\/p>\n","protected":false},"author":1,"featured_media":95,"comment_status":"open","ping_status":"open","sticky":false,"template":"","format":"standard","meta":{"footnotes":""},"categories":[3],"tags":[],"class_list":["post-93","post","type-post","status-publish","format-standard","has-post-thumbnail","hentry","category-artykul"],"_links":{"self":[{"href":"https:\/\/sprawapowszechna.org\/index.php?rest_route=\/wp\/v2\/posts\/93","targetHints":{"allow":["GET"]}}],"collection":[{"href":"https:\/\/sprawapowszechna.org\/index.php?rest_route=\/wp\/v2\/posts"}],"about":[{"href":"https:\/\/sprawapowszechna.org\/index.php?rest_route=\/wp\/v2\/types\/post"}],"author":[{"embeddable":true,"href":"https:\/\/sprawapowszechna.org\/index.php?rest_route=\/wp\/v2\/users\/1"}],"replies":[{"embeddable":true,"href":"https:\/\/sprawapowszechna.org\/index.php?rest_route=%2Fwp%2Fv2%2Fcomments&post=93"}],"version-history":[{"count":3,"href":"https:\/\/sprawapowszechna.org\/index.php?rest_route=\/wp\/v2\/posts\/93\/revisions"}],"predecessor-version":[{"id":1286,"href":"https:\/\/sprawapowszechna.org\/index.php?rest_route=\/wp\/v2\/posts\/93\/revisions\/1286"}],"wp:featuredmedia":[{"embeddable":true,"href":"https:\/\/sprawapowszechna.org\/index.php?rest_route=\/wp\/v2\/media\/95"}],"wp:attachment":[{"href":"https:\/\/sprawapowszechna.org\/index.php?rest_route=%2Fwp%2Fv2%2Fmedia&parent=93"}],"wp:term":[{"taxonomy":"category","embeddable":true,"href":"https:\/\/sprawapowszechna.org\/index.php?rest_route=%2Fwp%2Fv2%2Fcategories&post=93"},{"taxonomy":"post_tag","embeddable":true,"href":"https:\/\/sprawapowszechna.org\/index.php?rest_route=%2Fwp%2Fv2%2Ftags&post=93"}],"curies":[{"name":"wp","href":"https:\/\/api.w.org\/{rel}","templated":true}]}}