{"id":887,"date":"2025-10-18T18:55:52","date_gmt":"2025-10-18T18:55:52","guid":{"rendered":"https:\/\/sprawapowszechna.org\/?p=887"},"modified":"2025-10-18T18:55:56","modified_gmt":"2025-10-18T18:55:56","slug":"pazdziernik-miesiacem-palestynskiego-oporu","status":"publish","type":"post","link":"https:\/\/sprawapowszechna.org\/?p=887","title":{"rendered":"Pa\u017adziernik miesi\u0105cem Palesty\u0144skiego oporu"},"content":{"rendered":"\n<p><br>\u201c<em>Warunkiem wolno\u015bci jest zgromadzi\u0107 si\u0119 wok\u00f3\u0142 ruchu oporu\u201d &#8211; <\/em>Georges Abdallah, Bejrut 2025 r.<\/p>\n\n\n\n<p><br>Trwaj\u0105cy obecnie miesi\u0105c posiada symboliczne znaczenie w historii oporu narodu palesty\u0144skiego. Maj\u0105 podczas niego miejsce liczne rocznice; pocz\u0105wszy od wojny \u201cYom Kippur\u201d z 1973 roku, kt\u00f3ra po raz pierwszy w historii podwa\u017cy\u0142a dominacj\u0119 izraelsk\u0105 w wojnie konwencjonalnej i wymusi\u0142a na syjonistach wycofanie z Synaju, przez przypadaj\u0105c\u0105 na 17. pa\u017adziernika 24. rocznic\u0119 operacji Brygad Abu Alego Mustafy (LFWP), w kt\u00f3rych precyzyjnie wyeliminowano syjonistycznego ministra turystyki i osadnictwa Ze\u2019eviego, sko\u0144czywszy na datach bli\u017cszych obecnemu eposowi wojny narodo-wyzwole\u0144czej w Palestynie: 2. rocznicy bohaterskiej kontrofensywy Wsp\u00f3lnego Pokoju Operacji Palesty\u0144skich Frakcji Oporu znanej jako \u201cPow\u00f3d\u017a Al-Aqsa\u201d.<\/p>\n\n\n\n<p>Operacja ta otwar\u0142a nowy rozdzia\u0142 w walce o pe\u0142ne wyzwolenie Palestyny, osi\u0105gawszy r\u0119koma powsta\u0142ej ludno\u015bci najwi\u0119kszego na \u015bwiecie getta \u2013 Gazy \u2013 cele strategiczne, o kt\u00f3rych nie \u015bni\u0142o si\u0119 zmierza\u0142ym wielokrotnie w \u201codsieczy\u201d dla Palesty\u0144czyk\u00f3w armiom arabskim. W swoim przed\u015bmiertnym amoku syjonizm eskalowa\u0142 swoj\u0105 wojn\u0119 w ludob\u00f3jstwo wobec Strefy Gazy, w kt\u00f3rym wed\u0142ug w\u0142asnych statystyk zamordowa\u0142 dwukrotnie wi\u0119kszy odsetek cywil\u00f3w do kombatant\u00f3w, ni\u017c si\u0142y Osi w drugiej wojnie \u015bwiatowej. W obronie swojego domu poza dziesi\u0105tkami tysi\u0119cy cywil\u00f3w, 16. pa\u017adziernika 2024 r., na froncie i z broni\u0105 w r\u0119ku poleg\u0142 r\u00f3wnie\u017c Yayha Sinwar \u2013 przyw\u00f3dca Hamasu w Strefie Gazy i jeden z g\u0142\u00f3wnych architekt\u00f3w bohaterskiej kontrofensywy na tymczasowo okupowane ziemie palesty\u0144skie.<\/p>\n\n\n\n<p>Wraz z mi\u0119dzynarodowo eskaluj\u0105cym ruchem solidarno\u015bci z Palestyn\u0105 i w duchu historycznych rocznic w przebiegu jej oporu, udost\u0119pniamy kalendarium wybranych akcji solidarno\u015bciowych ze spraw\u0105 Palesty\u0144sk\u0105, od pocz\u0105tku pa\u017adziernika, kt\u00f3re mia\u0142y miejsce w Polsce:<\/p>\n\n\n\n<p class=\"has-medium-font-size\"><strong>02\/10<\/strong><\/p>\n\n\n\n<p>W ponad 20 polskich miastach odby\u0142y si\u0119 spontaniczne demonstracje w solidarno\u015bci z porwanymi z w\u00f3d mi\u0119dzynarodowych przez syjonist\u00f3w aktywistami Globalnej Flotylli Sumud.<\/p>\n\n\n\n<figure class=\"wp-block-image aligncenter size-large is-resized\"><img fetchpriority=\"high\" decoding=\"async\" width=\"819\" height=\"1024\" src=\"https:\/\/sprawapowszechna.org\/wp-content\/uploads\/2025\/10\/nation0210nr1-819x1024.jpg\" alt=\"\" class=\"wp-image-890\" style=\"width:266px;height:auto\" srcset=\"https:\/\/sprawapowszechna.org\/wp-content\/uploads\/2025\/10\/nation0210nr1-819x1024.jpg 819w, https:\/\/sprawapowszechna.org\/wp-content\/uploads\/2025\/10\/nation0210nr1-240x300.jpg 240w, https:\/\/sprawapowszechna.org\/wp-content\/uploads\/2025\/10\/nation0210nr1-768x960.jpg 768w, https:\/\/sprawapowszechna.org\/wp-content\/uploads\/2025\/10\/nation0210nr1.jpg 1080w\" sizes=\"(max-width: 819px) 100vw, 819px\" \/><\/figure>\n\n\n\n<p><br>W <strong>Warszawie<\/strong>, protestuj\u0105cy w wielotysi\u0119cznym t\u0142umie wybili szyb\u0119 w drzwiach wej\u015bciowych budynku Ministerstwa Spraw Zagranicznych i oblali jego schody sztuczn\u0105 krwi\u0105.<\/p>\n\n\n\n<figure class=\"wp-block-gallery has-nested-images columns-default is-cropped wp-block-gallery-1 is-layout-flex wp-block-gallery-is-layout-flex\">\n<figure class=\"wp-block-image size-large is-resized\"><img decoding=\"async\" width=\"1024\" height=\"683\" data-id=\"893\" src=\"https:\/\/sprawapowszechna.org\/wp-content\/uploads\/2025\/10\/wwa0210nr1-1024x683.jpg\" alt=\"\" class=\"wp-image-893\" style=\"width:492px;height:auto\" srcset=\"https:\/\/sprawapowszechna.org\/wp-content\/uploads\/2025\/10\/wwa0210nr1-1024x683.jpg 1024w, https:\/\/sprawapowszechna.org\/wp-content\/uploads\/2025\/10\/wwa0210nr1-300x200.jpg 300w, https:\/\/sprawapowszechna.org\/wp-content\/uploads\/2025\/10\/wwa0210nr1-768x512.jpg 768w, https:\/\/sprawapowszechna.org\/wp-content\/uploads\/2025\/10\/wwa0210nr1.jpg 1440w\" sizes=\"(max-width: 1024px) 100vw, 1024px\" \/><\/figure>\n\n\n\n<figure class=\"wp-block-image size-large\"><img decoding=\"async\" width=\"1024\" height=\"683\" data-id=\"894\" src=\"https:\/\/sprawapowszechna.org\/wp-content\/uploads\/2025\/10\/wwa0210nr2-1024x683.jpg\" alt=\"\" class=\"wp-image-894\" srcset=\"https:\/\/sprawapowszechna.org\/wp-content\/uploads\/2025\/10\/wwa0210nr2-1024x683.jpg 1024w, https:\/\/sprawapowszechna.org\/wp-content\/uploads\/2025\/10\/wwa0210nr2-300x200.jpg 300w, https:\/\/sprawapowszechna.org\/wp-content\/uploads\/2025\/10\/wwa0210nr2-768x512.jpg 768w, https:\/\/sprawapowszechna.org\/wp-content\/uploads\/2025\/10\/wwa0210nr2.jpg 1440w\" sizes=\"(max-width: 1024px) 100vw, 1024px\" \/><\/figure>\n<\/figure>\n\n\n\n<p><br>Protest we <strong>Wroc\u0142awiu<\/strong> zgromadzi\u0142 oko\u0142o tysi\u0105ca uczestnik\u00f3w, kt\u00f3rzy na par\u0119 godzin zablokowali g\u0142\u00f3wne ulice miasta.<\/p>\n\n\n\n<figure class=\"wp-block-gallery has-nested-images columns-default is-cropped wp-block-gallery-2 is-layout-flex wp-block-gallery-is-layout-flex\">\n<figure class=\"wp-block-image size-large is-resized\"><img loading=\"lazy\" decoding=\"async\" width=\"1024\" height=\"683\" data-id=\"897\" src=\"https:\/\/sprawapowszechna.org\/wp-content\/uploads\/2025\/10\/wro0210nr2-1024x683.jpg\" alt=\"\" class=\"wp-image-897\" style=\"width:424px;height:auto\" srcset=\"https:\/\/sprawapowszechna.org\/wp-content\/uploads\/2025\/10\/wro0210nr2-1024x683.jpg 1024w, https:\/\/sprawapowszechna.org\/wp-content\/uploads\/2025\/10\/wro0210nr2-300x200.jpg 300w, https:\/\/sprawapowszechna.org\/wp-content\/uploads\/2025\/10\/wro0210nr2-768x512.jpg 768w, https:\/\/sprawapowszechna.org\/wp-content\/uploads\/2025\/10\/wro0210nr2.jpg 1440w\" sizes=\"(max-width: 1024px) 100vw, 1024px\" \/><\/figure>\n\n\n\n<figure class=\"wp-block-image size-large\"><img loading=\"lazy\" decoding=\"async\" width=\"1024\" height=\"682\" data-id=\"898\" src=\"https:\/\/sprawapowszechna.org\/wp-content\/uploads\/2025\/10\/wro0210nr3-1024x682.jpg\" alt=\"\" class=\"wp-image-898\" srcset=\"https:\/\/sprawapowszechna.org\/wp-content\/uploads\/2025\/10\/wro0210nr3-1024x682.jpg 1024w, https:\/\/sprawapowszechna.org\/wp-content\/uploads\/2025\/10\/wro0210nr3-300x200.jpg 300w, https:\/\/sprawapowszechna.org\/wp-content\/uploads\/2025\/10\/wro0210nr3-768x511.jpg 768w, https:\/\/sprawapowszechna.org\/wp-content\/uploads\/2025\/10\/wro0210nr3.jpg 1440w\" sizes=\"(max-width: 1024px) 100vw, 1024px\" \/><\/figure>\n<\/figure>\n\n\n\n<p><br><strong>Akcja Antyimperialistyczna<\/strong> by\u0142a obecna na demonstracjach w <strong>Krakowie<\/strong> i <strong>Toruniu<\/strong>.<\/p>\n\n\n\n<figure class=\"wp-block-gallery has-nested-images columns-default is-cropped wp-block-gallery-3 is-layout-flex wp-block-gallery-is-layout-flex\">\n<figure class=\"wp-block-image size-large is-resized\"><img loading=\"lazy\" decoding=\"async\" width=\"1024\" height=\"576\" data-id=\"902\" src=\"https:\/\/sprawapowszechna.org\/wp-content\/uploads\/2025\/10\/krk0210nr3-1-1024x576.jpg\" alt=\"\" class=\"wp-image-902\" style=\"width:427px;height:auto\" srcset=\"https:\/\/sprawapowszechna.org\/wp-content\/uploads\/2025\/10\/krk0210nr3-1-1024x576.jpg 1024w, https:\/\/sprawapowszechna.org\/wp-content\/uploads\/2025\/10\/krk0210nr3-1-300x169.jpg 300w, https:\/\/sprawapowszechna.org\/wp-content\/uploads\/2025\/10\/krk0210nr3-1-768x432.jpg 768w, https:\/\/sprawapowszechna.org\/wp-content\/uploads\/2025\/10\/krk0210nr3-1.jpg 1280w\" sizes=\"(max-width: 1024px) 100vw, 1024px\" \/><\/figure>\n\n\n\n<figure class=\"wp-block-image size-large is-style-default\"><img loading=\"lazy\" decoding=\"async\" width=\"1024\" height=\"682\" data-id=\"903\" src=\"https:\/\/sprawapowszechna.org\/wp-content\/uploads\/2025\/10\/krk0210nr1-1024x682.jpg\" alt=\"\" class=\"wp-image-903\" srcset=\"https:\/\/sprawapowszechna.org\/wp-content\/uploads\/2025\/10\/krk0210nr1-1024x682.jpg 1024w, https:\/\/sprawapowszechna.org\/wp-content\/uploads\/2025\/10\/krk0210nr1-300x200.jpg 300w, https:\/\/sprawapowszechna.org\/wp-content\/uploads\/2025\/10\/krk0210nr1-768x512.jpg 768w, https:\/\/sprawapowszechna.org\/wp-content\/uploads\/2025\/10\/krk0210nr1.jpg 1280w\" sizes=\"(max-width: 1024px) 100vw, 1024px\" \/><\/figure>\n\n\n\n<figure class=\"wp-block-image size-large\"><img loading=\"lazy\" decoding=\"async\" width=\"1024\" height=\"1024\" data-id=\"904\" src=\"https:\/\/sprawapowszechna.org\/wp-content\/uploads\/2025\/10\/tor0210-1024x1024.webp\" alt=\"\" class=\"wp-image-904\" srcset=\"https:\/\/sprawapowszechna.org\/wp-content\/uploads\/2025\/10\/tor0210-1024x1024.webp 1024w, https:\/\/sprawapowszechna.org\/wp-content\/uploads\/2025\/10\/tor0210-300x300.webp 300w, https:\/\/sprawapowszechna.org\/wp-content\/uploads\/2025\/10\/tor0210-150x150.webp 150w, https:\/\/sprawapowszechna.org\/wp-content\/uploads\/2025\/10\/tor0210-768x768.webp 768w, https:\/\/sprawapowszechna.org\/wp-content\/uploads\/2025\/10\/tor0210.webp 1440w\" sizes=\"(max-width: 1024px) 100vw, 1024px\" \/><\/figure>\n<\/figure>\n\n\n\n<p class=\"has-medium-font-size\"><br><strong>05\/10<\/strong><\/p>\n\n\n\n<p>W <strong>Warszawie, Krakowie, Wroc\u0142awiu<\/strong> i <strong>Poznaniu<\/strong> odby\u0142a si\u0119 druga tura demonstracji solidarno\u015bciowych z zawczasu wci\u0105\u017c przetrzymywanymi i torturowanymi aktywistami Globalnej Flotylli Sumud \u2013 ka\u017cda gromadz\u0105c od setek do tysi\u0119cy uczestnik\u00f3w.<\/p>\n\n\n\n<p>W <strong>Katowicach<\/strong> zorganizowano kiermasz dla Palestyny, w trakcie kt\u00f3rego wyk\u0142ady, panele i warsztaty prowadzi\u0142o wielu polskich i palesty\u0144skich aktywist\u00f3w ruchu solidarno\u015bciowego. W ramach zbi\u00f3rki charytatywnej na Lekarzy Bez Granic <strong>zebrano 15.923,55 z\u0142otych<\/strong>.<\/p>\n\n\n\n<figure class=\"wp-block-gallery has-nested-images columns-default is-cropped wp-block-gallery-4 is-layout-flex wp-block-gallery-is-layout-flex\">\n<figure class=\"wp-block-image size-large is-resized\"><img loading=\"lazy\" decoding=\"async\" width=\"1024\" height=\"683\" data-id=\"908\" src=\"https:\/\/sprawapowszechna.org\/wp-content\/uploads\/2025\/10\/kato0510nr1-1024x683.jpg\" alt=\"\" class=\"wp-image-908\" style=\"width:422px;height:auto\" srcset=\"https:\/\/sprawapowszechna.org\/wp-content\/uploads\/2025\/10\/kato0510nr1-1024x683.jpg 1024w, https:\/\/sprawapowszechna.org\/wp-content\/uploads\/2025\/10\/kato0510nr1-300x200.jpg 300w, https:\/\/sprawapowszechna.org\/wp-content\/uploads\/2025\/10\/kato0510nr1-768x512.jpg 768w, https:\/\/sprawapowszechna.org\/wp-content\/uploads\/2025\/10\/kato0510nr1.jpg 1440w\" sizes=\"(max-width: 1024px) 100vw, 1024px\" \/><\/figure>\n\n\n\n<figure class=\"wp-block-image size-large\"><img loading=\"lazy\" decoding=\"async\" width=\"1024\" height=\"683\" data-id=\"909\" src=\"https:\/\/sprawapowszechna.org\/wp-content\/uploads\/2025\/10\/kato0510nr2-1024x683.jpg\" alt=\"\" class=\"wp-image-909\" srcset=\"https:\/\/sprawapowszechna.org\/wp-content\/uploads\/2025\/10\/kato0510nr2-1024x683.jpg 1024w, https:\/\/sprawapowszechna.org\/wp-content\/uploads\/2025\/10\/kato0510nr2-300x200.jpg 300w, https:\/\/sprawapowszechna.org\/wp-content\/uploads\/2025\/10\/kato0510nr2-768x512.jpg 768w, https:\/\/sprawapowszechna.org\/wp-content\/uploads\/2025\/10\/kato0510nr2.jpg 1440w\" sizes=\"(max-width: 1024px) 100vw, 1024px\" \/><\/figure>\n<\/figure>\n\n\n\n<p><br>Jednocze\u015bnie rozpocz\u0119\u0142y si\u0119 og\u00f3lnopolskie akcje w honorze oporowi palestyny\u0144skiemu. W <strong>Toruniu<\/strong>, pomimo retrospektywnego wycofania si\u0119 z powodu zarz\u0105dzenia centrali \u2013 \u201clewicowego\u201d Razem. <strong>Akcja Antyimperialistyczna<\/strong> z pomoc\u0105 kolektyw\u00f3w anarchistycznych: Toru\u0144skiej Grupy Anarchistycznej, Antyfaszystowskiego Torunia i lokalnego Food Not Bombs, zorganizowa\u0142a w ramach koalicji Toru\u0144 z Palestyn\u0105 demonstracj\u0119 pod tytu\u0142em \u201cZatrzyma\u0107 ludob\u00f3jstwo, nie z\u0142amiecie 78 lat oporu!\u201d.<\/p>\n\n\n\n<figure class=\"wp-block-image aligncenter size-large is-resized\"><img loading=\"lazy\" decoding=\"async\" width=\"819\" height=\"1024\" src=\"https:\/\/sprawapowszechna.org\/wp-content\/uploads\/2025\/10\/tor0510-819x1024.jpg\" alt=\"\" class=\"wp-image-911\" style=\"width:307px;height:auto\" srcset=\"https:\/\/sprawapowszechna.org\/wp-content\/uploads\/2025\/10\/tor0510-819x1024.jpg 819w, https:\/\/sprawapowszechna.org\/wp-content\/uploads\/2025\/10\/tor0510-240x300.jpg 240w, https:\/\/sprawapowszechna.org\/wp-content\/uploads\/2025\/10\/tor0510-768x960.jpg 768w, https:\/\/sprawapowszechna.org\/wp-content\/uploads\/2025\/10\/tor0510.jpg 1080w\" sizes=\"(max-width: 819px) 100vw, 819px\" \/><\/figure>\n\n\n\n<p><br>Z tej okazji blisko 50 os\u00f3b zgromadzi\u0142o si\u0119 na toru\u0144skim starym rynku, \u017ceby wyrazi\u0107 sprzeciw wobec ludob\u00f3jstwa, czcz\u0105c jednocze\u015bnie w przemowach i okrzykach palesty\u0144ski op\u00f3r \u2013 udowadniaj\u0105c, \u017ce ruch w kolejnych miastach mo\u017cna budowa\u0107 na poprawnych politycznie liniach, wbrew l\u0119kom tych kt\u00f3rym ludob\u00f3jstwo i sprawa palesty\u0144ska s\u0142u\u017cy jedynie na potrzeby rozbijania si\u0119 o pr\u00f3g wyborczy.<\/p>\n\n\n\n<p class=\"has-medium-font-size\"><strong>07\/10<\/strong><\/p>\n\n\n\n<p>W drug\u0105 rocznic\u0119 powodzi Al-Aqsa nie zabrak\u0142o w Polsce solidarno\u015bci z przoduj\u0105cym oddzia\u0142em walki narodu Palesty\u0144skiego, kt\u00f3rym jest Ruch Oporu. Do zmobilizowanego wcze\u015bniej Torunia do\u0142\u0105czy\u0142y: <strong>Krak\u00f3w<\/strong>, <strong>Lublin<\/strong> i <strong>Tr\u00f3jmiasto<\/strong>. W Krakowie pomimo p\u00f3\u017aniej godziny w \u015brodku tygodnia, przenikliwego ch\u0142odu i ulewnego deszczu ponad 100 os\u00f3b przemaszerowa\u0142o historycznym centrum miasta, \u017ceby bojowo zademonstrowa\u0107 swoje poparcie dla Palestyny w demonstracji, kt\u00f3r\u0105 wsp\u00f3\u0142organizowa\u0142a i przewodzi\u0142a w trakcie marszu <strong>Akcja Antyimperialistyczna<\/strong>.<\/p>\n\n\n\n<p>W przemowach pe\u0142nych wiary w walk\u0119 Palestyny, bezpo\u015brednio podkre\u015blano znaczenie Ruchu Oporu oraz wydarze\u0144 operacji Pow\u00f3d\u017a Al-Aqsa. W trakcie przemarszu i po przemowach, ulice wype\u0142ni\u0142y sie sloganami \u201cDeath, Death to the IDF!\u201d, has\u0142ami intifady oraz spontanicznymi okrzykami uwielbienia i wsparcia dla Ruchu Oporu.<\/p>\n\n\n\n<figure class=\"wp-block-gallery has-nested-images columns-default is-cropped wp-block-gallery-5 is-layout-flex wp-block-gallery-is-layout-flex\">\n<figure class=\"wp-block-image size-large is-resized\"><img loading=\"lazy\" decoding=\"async\" width=\"1024\" height=\"768\" data-id=\"916\" src=\"https:\/\/sprawapowszechna.org\/wp-content\/uploads\/2025\/10\/IMG_9866-1024x768.jpg\" alt=\"\" class=\"wp-image-916\" style=\"width:609px;height:auto\" srcset=\"https:\/\/sprawapowszechna.org\/wp-content\/uploads\/2025\/10\/IMG_9866-1024x768.jpg 1024w, https:\/\/sprawapowszechna.org\/wp-content\/uploads\/2025\/10\/IMG_9866-300x225.jpg 300w, https:\/\/sprawapowszechna.org\/wp-content\/uploads\/2025\/10\/IMG_9866-768x576.jpg 768w, https:\/\/sprawapowszechna.org\/wp-content\/uploads\/2025\/10\/IMG_9866-1536x1152.jpg 1536w, https:\/\/sprawapowszechna.org\/wp-content\/uploads\/2025\/10\/IMG_9866.jpg 1600w\" sizes=\"(max-width: 1024px) 100vw, 1024px\" \/><\/figure>\n\n\n\n<figure class=\"wp-block-image size-large\"><img loading=\"lazy\" decoding=\"async\" width=\"768\" height=\"1024\" data-id=\"921\" src=\"https:\/\/sprawapowszechna.org\/wp-content\/uploads\/2025\/10\/IMG_9857blur-2-768x1024.jpg\" alt=\"\" class=\"wp-image-921\" srcset=\"https:\/\/sprawapowszechna.org\/wp-content\/uploads\/2025\/10\/IMG_9857blur-2-768x1024.jpg 768w, https:\/\/sprawapowszechna.org\/wp-content\/uploads\/2025\/10\/IMG_9857blur-2-225x300.jpg 225w, https:\/\/sprawapowszechna.org\/wp-content\/uploads\/2025\/10\/IMG_9857blur-2-1152x1536.jpg 1152w, https:\/\/sprawapowszechna.org\/wp-content\/uploads\/2025\/10\/IMG_9857blur-2.jpg 1200w\" sizes=\"(max-width: 768px) 100vw, 768px\" \/><\/figure>\n<\/figure>\n\n\n\n<figure class=\"wp-block-image aligncenter size-large\"><img loading=\"lazy\" decoding=\"async\" width=\"1024\" height=\"768\" src=\"https:\/\/sprawapowszechna.org\/wp-content\/uploads\/2025\/10\/IMG_9869-1024x768.jpg\" alt=\"\" class=\"wp-image-923\" srcset=\"https:\/\/sprawapowszechna.org\/wp-content\/uploads\/2025\/10\/IMG_9869-1024x768.jpg 1024w, https:\/\/sprawapowszechna.org\/wp-content\/uploads\/2025\/10\/IMG_9869-300x225.jpg 300w, https:\/\/sprawapowszechna.org\/wp-content\/uploads\/2025\/10\/IMG_9869-768x576.jpg 768w, https:\/\/sprawapowszechna.org\/wp-content\/uploads\/2025\/10\/IMG_9869-1536x1152.jpg 1536w, https:\/\/sprawapowszechna.org\/wp-content\/uploads\/2025\/10\/IMG_9869.jpg 1600w\" sizes=\"(max-width: 1024px) 100vw, 1024px\" \/><\/figure>\n\n\n\n<p><br>W t\u0105 jak\u017ce istotn\u0105 rocznic\u0119 chcieliby\u015bmy podzi\u0119kowa\u0107 wszystkim si\u0142om w <strong>Toruniu<\/strong>, <strong>Krakowie<\/strong>, <strong>Lublinie<\/strong>, <strong>Tr\u00f3jmie\u015bcie<\/strong>, <strong>Szczecinie<\/strong>, <strong>Poznaniu<\/strong>, <strong>\u0141odzi<\/strong> i <strong>Rzeszowie<\/strong>, kt\u00f3re zorganizowa\u0142y si\u0119 w demonstracjach b\u0105d\u017a wyda\u0142y godne dla tej daty o\u015bwiadczenia. Si\u0142, dla kt\u00f3rych ruch oporu nie jest wstydem, a dzie\u0144 7. pa\u017adziernika nie powoduje strachu. Z naszej strony uznajemy fakt solidarno\u015bci z przoduj\u0105cymi oddzia\u0142ami w tej wieloletniej wojnie narodowo-wyzwole\u0144czej, jako wyznacznik polityki, kt\u00f3ra traktuje Lud jako najwa\u017cniejszy podmiot rewolucyjny, patrzy na sprzeczno\u015bci wewn\u0119trzne mi\u0119dzy uci\u015bnionym a ciemi\u0119\u017cycielem, i w bezpo\u015brednim przezwyci\u0119\u017ceniu drugiego przez pierwszego widzi ich rozwi\u0105zanie. W ruchu solidarno\u015bci z Palestyn\u0105 nic nie jest nam bli\u017csze, ni\u017c jej Ruch Oporu.<\/p>\n\n\n\n<p>Na koniec kalendarium dla dnia rocznicy Powodzi Al-Aqsa wspomnie\u0107 musimy, \u017ce wszystkie miasta, w kt\u00f3rych 02\/10 t\u0142umnie go\u015bcili dzia\u0142acze i oficjalne delegacje Razem (lub w kt\u00f3rych nieskutecznie pr\u00f3bowa\u0142y one przej\u0105\u0107 demonstracje, jak w Katowicach), nie do\u015bwiadczy\u0142y 07\/10 ich formalnej reprezentacji. Szczeg\u00f3lnie dobitnym przyk\u0142adem tego gdzie le\u017c\u0105 priorytety parlamentarnej lewicy Razem, poza Toruniem jest przyk\u0142ad Lublina, kt\u00f3ry r\u00f3wnie\u017c nale\u017cy do miast, w kt\u00f3rych ruch nie ma charakteru cyklicznego. Pomimo podw\u00f3jnie istotnego aspektu wsparcia demonstracji w takim mie\u015bcie, r\u00f3wnie\u017c i z Lublina dosz\u0142y nas s\u0142uchy o retrospektywnym wycofaniu si\u0119 Razem w imi\u0119 PR-owego przykazu centrali. Co gorsza, jak wiadomo organizatorom w innych miastach, wywo\u0142a\u0142o to pewne utrudnienia w uzyskaniu tre\u015bci merytorycznych na czas przebiegu tamtejszej demonstracji, kt\u00f3re wsp\u00f3lnymi si\u0142ami uda\u0142o si\u0119 uzupe\u0142ni\u0107. Tutaj widzimy kolejn\u0105 szczeg\u00f3ln\u0105 rol\u0119 tej historycznej daty, demarkuje nam ona kto w ruchu solidarno\u015bci z Palestyn\u0105 jest dla jego rozwoju, a czyje partyjne szychy widz\u0105 w swoich dzia\u0142aczach lokalnych i organizatorach wydarze\u0144 palesty\u0144skich elementy swojej prywatnej politycznej gry. W tym duchu rozszerzamy serdeczne podzi\u0119kowania dla wszystkich dzia\u0142aczy Razem, kt\u00f3rzy prywatnie przy\u0142\u0105czyli si\u0119 do uczestnictwa w wydarzeniach tego dnia.<\/p>\n\n\n\n<p class=\"has-medium-font-size\"><strong>12\/10<\/strong><\/p>\n\n\n\n<p>Tego dnia odby\u0142a si\u0119 trzecia seria og\u00f3lnopolskich demonstracji Global Movement to Gaza. W <strong>Krakowie<\/strong> na demonstracji, przywitano uwolnionego z izraelskiego porwania Omara Farisa. Jednocze\u015bnie setki os\u00f3b przemaszerowa\u0142y przez centrum w duchu przem\u00f3w, w kt\u00f3rych podkre\u015blono rol\u0119 utrzymania mobilizacji dla Palestyny nawet w okresie tzw. \u201czawieszenia broni\u201d w Strefie Gazy.<\/p>\n\n\n\n<p class=\"has-medium-font-size\"><strong>Podsumowanie<\/strong><\/p>\n\n\n\n<p>Przy\u0142\u0105czamy si\u0119 do apelu, kt\u00f3ry wybrzmia\u0142 na demonstracjach po zawieszeniu broni, jasno m\u00f3wi\u0105c: zawieszenie to zosta\u0142o przez ruch oporu wywalczone po\u015bwi\u0119ceniem tysi\u0119cy m\u0119czennik\u00f3w, jednak wbrew temu co s\u0105dz\u0105 niekt\u00f3rzy, nie ma to mowy jedynie o z\u0142agodzeniu tragedii. Tytanicznym po\u015bwi\u0119ceniem, przez ostatnie dwa lata Palestyna znalaz\u0142a si\u0119 o dekady bli\u017cej swojego pe\u0142nego wyzwolenia. Okupacja nie osi\u0105gn\u0119\u0142a \u017cadnego ze swoich strategicznych cel\u00f3w, a palesty\u0144skie si\u0142y partyzanckie pokaza\u0142y, \u017ce pomimo zrzucenia na nie w r\u00f3wnowa\u017cniku trotylowym 12-krotnie wi\u0119kszej ilo\u015bci \u0142adunk\u00f3w wybuchowych, ni\u017c zosta\u0142o zrzuconych na Hiroszim\u0119, bro\u0144 nie jest w stanie przezwyci\u0119\u017cy\u0107 powodzi uci\u015bnionych ludzi \u015bwiata. Obecnie, pow\u00f3d\u017a ta w Palestynie ponownie p\u0142ynie w swoim korycie, czyszcz\u0105c przy okazji mu\u0142 kt\u00f3ry zasia\u0142a tam okupacja. Jednak tak jak prze\u0142ama\u0142a ona wa\u0142y dwa lata temu, tak dokona tego ona znowu \u2013 w Palestynie i w ka\u017cdym zak\u0105tku \u015bwiata<\/p>\n\n\n\n<p><strong>Na koniec, chcieliby\u015bmy udost\u0119pni\u0107 wideo solidarno\u015bciowe:<\/strong><\/p>\n\n\n\n<figure class=\"wp-block-embed is-type-video is-provider-vimeo wp-block-embed-vimeo wp-embed-aspect-1-1 wp-has-aspect-ratio\"><div class=\"wp-block-embed__wrapper\">\n<iframe title=\"Wiadmo\u015b\u0107 dla Palestyny\" src=\"https:\/\/player.vimeo.com\/video\/1128507851?dnt=1&amp;app_id=122963\" width=\"500\" height=\"500\" frameborder=\"0\" allow=\"autoplay; fullscreen; picture-in-picture; clipboard-write; encrypted-media; web-share\" referrerpolicy=\"strict-origin-when-cross-origin\"><\/iframe>\n<\/div><\/figure>\n","protected":false},"excerpt":{"rendered":"<p>\u201cWarunkiem wolno\u015bci jest zgromadzi\u0107 si\u0119 wok\u00f3\u0142 ruchu oporu\u201d &#8211; Georges Abdallah, Bejrut 2025 r. Trwaj\u0105cy obecnie miesi\u0105c posiada symboliczne znaczenie w historii oporu narodu palesty\u0144skiego. Maj\u0105 podczas niego miejsce liczne rocznice; pocz\u0105wszy od wojny \u201cYom Kippur\u201d z 1973 roku, kt\u00f3ra po raz pierwszy w historii podwa\u017cy\u0142a dominacj\u0119 izraelsk\u0105 w wojnie konwencjonalnej i wymusi\u0142a na syjonistach&#8230;<\/p>\n","protected":false},"author":1,"featured_media":933,"comment_status":"closed","ping_status":"open","sticky":false,"template":"","format":"standard","meta":{"footnotes":""},"categories":[3],"tags":[],"class_list":["post-887","post","type-post","status-publish","format-standard","has-post-thumbnail","hentry","category-artykul"],"_links":{"self":[{"href":"https:\/\/sprawapowszechna.org\/index.php?rest_route=\/wp\/v2\/posts\/887","targetHints":{"allow":["GET"]}}],"collection":[{"href":"https:\/\/sprawapowszechna.org\/index.php?rest_route=\/wp\/v2\/posts"}],"about":[{"href":"https:\/\/sprawapowszechna.org\/index.php?rest_route=\/wp\/v2\/types\/post"}],"author":[{"embeddable":true,"href":"https:\/\/sprawapowszechna.org\/index.php?rest_route=\/wp\/v2\/users\/1"}],"replies":[{"embeddable":true,"href":"https:\/\/sprawapowszechna.org\/index.php?rest_route=%2Fwp%2Fv2%2Fcomments&post=887"}],"version-history":[{"count":5,"href":"https:\/\/sprawapowszechna.org\/index.php?rest_route=\/wp\/v2\/posts\/887\/revisions"}],"predecessor-version":[{"id":932,"href":"https:\/\/sprawapowszechna.org\/index.php?rest_route=\/wp\/v2\/posts\/887\/revisions\/932"}],"wp:featuredmedia":[{"embeddable":true,"href":"https:\/\/sprawapowszechna.org\/index.php?rest_route=\/wp\/v2\/media\/933"}],"wp:attachment":[{"href":"https:\/\/sprawapowszechna.org\/index.php?rest_route=%2Fwp%2Fv2%2Fmedia&parent=887"}],"wp:term":[{"taxonomy":"category","embeddable":true,"href":"https:\/\/sprawapowszechna.org\/index.php?rest_route=%2Fwp%2Fv2%2Fcategories&post=887"},{"taxonomy":"post_tag","embeddable":true,"href":"https:\/\/sprawapowszechna.org\/index.php?rest_route=%2Fwp%2Fv2%2Ftags&post=887"}],"curies":[{"name":"wp","href":"https:\/\/api.w.org\/{rel}","templated":true}]}}