{"id":731,"date":"2025-07-25T12:47:19","date_gmt":"2025-07-25T12:47:19","guid":{"rendered":"https:\/\/sprawapowszechna.org\/?p=731"},"modified":"2026-04-11T19:42:13","modified_gmt":"2026-04-11T19:42:13","slug":"zwyciestwo-georges-abdallah-jest-wolny","status":"publish","type":"post","link":"https:\/\/sprawapowszechna.org\/?p=731","title":{"rendered":"Zwyci\u0119stwo! Georges Abdallah jest wolny!"},"content":{"rendered":"\n<p><br>25 Lipca 2025 roku, po 41 latach niewoli wi\u0119zienie we francuskim Lannemezan, opuszcza Georges Ibrahim Abdallah \u2013 najd\u0142u\u017cej przetrzymwany wi\u0119zie\u0144 polityczny w ca\u0142ej Europie. Abdallah by\u0142 wojownikiem sprawy palesty\u0144skiej od czas\u00f3w swojej m\u0142odo\u015bci, pochodz\u0105cy z chrze\u015bcija\u0144skiej rodziny z Libanu, wi\u0119ziony by\u0142 od 1984 roku we Francji za rzekomy wsp\u00f3\u0142udzia\u0142 w zab\u00f3jstwach attache wojskowego z USA i izrealskiego dyplomaty, kt\u00f3re mia\u0142y miejsce w Pary\u017cu w 1982 roku. Os\u0105dzony za nie w 1987 roku, pomimo braku dowod\u00f3w bezpo\u015brednio \u0142\u0105cz\u0105cych go z zab\u00f3jstwami zosta\u0142 skazany na do\u017cywocie z mo\u017cliwo\u015bci\u0105 zwolnienia warunkowego po 15 latach. <\/p>\n\n\n\n<p>Jego procesowi towarzyszy\u0142y liczne nieprawid\u0142owo\u015bci, kt\u00f3re mia\u0142y na celu bezpodstawnie uwi\u0119zi\u0107 go na reszt\u0119 \u017cycia. Pocz\u0105wszy od odkrywania materia\u0142u dowodowego w jego rzekomej kryj\u00f3wce lata po rozpocz\u0119ciu procesu, przez obsadzenie jednego z jego prawnik\u00f3w agentem francuskiego wywiadu, sko\u0144czywszy na wyroku surowszym ni\u017c \u017c\u0105da\u0142 sam prokurator, uwzgl\u0119dniaj\u0105cy rzeczywist\u0105 wag\u0119 materia\u0142u dowodowego. Od 1999 roku Abdallah i jego obrona dziesi\u0105tki razy bezskutecznie domagali si\u0119 zwolnienia warunkowego. Prawie ka\u017cdy pozytywnie rozpatrzony wniosek odrzucany by\u0142 w II instancji po apelacjach \u201canty-terrorystycznej\u201d prokuratury i przy bezpo\u015brednich interwencjach Departamentu Stanu USA. W 2013 roku pomimo podtrzymania, przez s\u0105d II instancji decyzji o jego uwolnieniu, \u00f3wczesny minister spraw wewn\u0119trzny Francji Manuel Valls nie podpisa\u0142 dokument\u00f3w nadaj\u0105cych bieg deportacji Abdallaha do Libanu. Udowadniaj\u0105c \u017ce jest on przetrzymywany w kraju jako zak\u0142adnik, nawet wbrew woli s\u0105downictwa.<\/p>\n\n\n\n<p>O jego uwolnienienie niestrudzenie walczy\u0142a: Zjednoczona Kampania na Rzecz Uwolnienia GIA (CUPLGIA); presj\u0105 spo\u0142eczn\u0105, akcjami solidarno\u015bciowymi i protestami z udzia\u0142em dziesi\u0105tek tysi\u0119cy os\u00f3b w ponad 30 francuskich miastach, wielu krajach Europy, Ameryki, Afryki i Azji Zachodniej. Wymusi\u0142a ona dzi\u015b na pa\u0144stwie francuskim wypuszczenie najstarszego wie\u017ania politycznego na naszym kontynencie.<\/p>\n\n\n\n<p>Walka o jego wolno\u015b\u0107 na zawsze pozostanie symbolem si\u0142y mi\u0119dzynarodowego oporu, krusz\u0105cym iluzje demokratycznego procesu, kt\u00f3ry ponad si\u0142\u0119 aparatu represji ulega jedynie przed moc\u0105 solidarno\u015bci uci\u015bnionych ludzi \u015bwiata, konsekwetnych antyimperialist\u00f3w, zrzeszonych wok\u00f3\u0142 ruchu solidarno\u015bci i walki Palestyny, jej wi\u0119\u017ani\u00f3w i jej m\u0119czennik\u00f3w. Niech to zwyci\u0119stwo daje nam motywacj\u0119 w walce o uwolnienie wszystkich wi\u0119\u017ani\u00f3w politycznych sprawy palesty\u0144skiej, od starego kontynentu, po tysi\u0105ce przetrzymywanych jako zak\u0142adnicy, przez wojska okupanta.<\/p>\n\n\n\n<p class=\"has-text-align-center has-primary-color has-text-color has-link-color has-medium-font-size wp-elements-b8df20f333f37a637312e6b418c1b350\">Niech \u017byje wolno\u015b\u0107 i op\u00f3r Palestyny!<\/p>\n\n\n\n<p class=\"has-text-align-center has-primary-color has-text-color has-link-color has-medium-font-size wp-elements-245a3b711fcf64697d5ba84f99b681bc\">Chwa\u0142a wi\u0119\u017aniom i m\u0119czennikom sprawy palesty\u0144skiej!<\/p>\n\n\n\n<p class=\"has-text-align-center has-primary-color has-text-color has-link-color has-medium-font-size wp-elements-e15a6445682e633e74f5d3671501fd92\">Nigdy nie b\u0119dziecie szli sami!<\/p>\n\n\n\n<p><\/p>\n\n\n\n<figure class=\"wp-block-gallery has-nested-images columns-default is-cropped wp-block-gallery-1 is-layout-flex wp-block-gallery-is-layout-flex\">\n<figure class=\"wp-block-image size-large\"><img fetchpriority=\"high\" decoding=\"async\" width=\"1024\" height=\"1024\" data-id=\"744\" src=\"https:\/\/sprawapowszechna.org\/wp-content\/uploads\/2025\/07\/feat-gia-demo-26dec-139840214.jpg\" alt=\"\" class=\"wp-image-744\" srcset=\"https:\/\/sprawapowszechna.org\/wp-content\/uploads\/2025\/07\/feat-gia-demo-26dec-139840214.jpg 1024w, https:\/\/sprawapowszechna.org\/wp-content\/uploads\/2025\/07\/feat-gia-demo-26dec-139840214-300x300.jpg 300w, https:\/\/sprawapowszechna.org\/wp-content\/uploads\/2025\/07\/feat-gia-demo-26dec-139840214-150x150.jpg 150w, https:\/\/sprawapowszechna.org\/wp-content\/uploads\/2025\/07\/feat-gia-demo-26dec-139840214-768x768.jpg 768w\" sizes=\"(max-width: 1024px) 100vw, 1024px\" \/><figcaption class=\"wp-element-caption\">Demonstracja krajowa w Pary\u017cu (2025r.)<\/figcaption><\/figure>\n\n\n\n<figure class=\"wp-block-image size-large\"><img decoding=\"async\" width=\"1024\" height=\"768\" data-id=\"745\" src=\"https:\/\/sprawapowszechna.org\/wp-content\/uploads\/2025\/07\/lannemezan_grilles_bruit-3120159178-1024x768.jpg\" alt=\"\" class=\"wp-image-745\" srcset=\"https:\/\/sprawapowszechna.org\/wp-content\/uploads\/2025\/07\/lannemezan_grilles_bruit-3120159178-1024x768.jpg 1024w, https:\/\/sprawapowszechna.org\/wp-content\/uploads\/2025\/07\/lannemezan_grilles_bruit-3120159178-300x225.jpg 300w, https:\/\/sprawapowszechna.org\/wp-content\/uploads\/2025\/07\/lannemezan_grilles_bruit-3120159178-768x576.jpg 768w, https:\/\/sprawapowszechna.org\/wp-content\/uploads\/2025\/07\/lannemezan_grilles_bruit-3120159178-1536x1152.jpg 1536w, https:\/\/sprawapowszechna.org\/wp-content\/uploads\/2025\/07\/lannemezan_grilles_bruit-3120159178-2048x1536.jpg 2048w\" sizes=\"(max-width: 1024px) 100vw, 1024px\" \/><figcaption class=\"wp-element-caption\">Demonstracja pod wi\u0119\u017aieniem Lannemenzan<\/figcaption><\/figure>\n\n\n\n<figure class=\"wp-block-image size-large\"><img decoding=\"async\" width=\"768\" height=\"1024\" data-id=\"746\" src=\"https:\/\/sprawapowszechna.org\/wp-content\/uploads\/2025\/07\/georges-768x1024-3959239471.jpeg\" alt=\"\" class=\"wp-image-746\" srcset=\"https:\/\/sprawapowszechna.org\/wp-content\/uploads\/2025\/07\/georges-768x1024-3959239471.jpeg 768w, https:\/\/sprawapowszechna.org\/wp-content\/uploads\/2025\/07\/georges-768x1024-3959239471-225x300.jpeg 225w\" sizes=\"(max-width: 768px) 100vw, 768px\" \/><figcaption class=\"wp-element-caption\">Georges Abdallah w celi<\/figcaption><\/figure>\n<\/figure>\n","protected":false},"excerpt":{"rendered":"<p>25 Lipca 2025 roku, po 41 latach niewoli wi\u0119zienie we francuskim Lannemezan, opuszcza Georges Ibrahim Abdallah \u2013 najd\u0142u\u017cej przetrzymwany wi\u0119zie\u0144 polityczny w ca\u0142ej Europie. Abdallah by\u0142 wojownikiem sprawy palesty\u0144skiej od czas\u00f3w swojej m\u0142odo\u015bci, pochodz\u0105cy z chrze\u015bcija\u0144skiej rodziny z Libanu, wi\u0119ziony by\u0142 od 1984 roku we Francji za rzekomy wsp\u00f3\u0142udzia\u0142 w zab\u00f3jstwach attache wojskowego z USA&#8230;<\/p>\n","protected":false},"author":1,"featured_media":739,"comment_status":"closed","ping_status":"open","sticky":false,"template":"","format":"standard","meta":{"footnotes":""},"categories":[3],"tags":[],"class_list":["post-731","post","type-post","status-publish","format-standard","has-post-thumbnail","hentry","category-artykul"],"_links":{"self":[{"href":"https:\/\/sprawapowszechna.org\/index.php?rest_route=\/wp\/v2\/posts\/731","targetHints":{"allow":["GET"]}}],"collection":[{"href":"https:\/\/sprawapowszechna.org\/index.php?rest_route=\/wp\/v2\/posts"}],"about":[{"href":"https:\/\/sprawapowszechna.org\/index.php?rest_route=\/wp\/v2\/types\/post"}],"author":[{"embeddable":true,"href":"https:\/\/sprawapowszechna.org\/index.php?rest_route=\/wp\/v2\/users\/1"}],"replies":[{"embeddable":true,"href":"https:\/\/sprawapowszechna.org\/index.php?rest_route=%2Fwp%2Fv2%2Fcomments&post=731"}],"version-history":[{"count":4,"href":"https:\/\/sprawapowszechna.org\/index.php?rest_route=\/wp\/v2\/posts\/731\/revisions"}],"predecessor-version":[{"id":1287,"href":"https:\/\/sprawapowszechna.org\/index.php?rest_route=\/wp\/v2\/posts\/731\/revisions\/1287"}],"wp:featuredmedia":[{"embeddable":true,"href":"https:\/\/sprawapowszechna.org\/index.php?rest_route=\/wp\/v2\/media\/739"}],"wp:attachment":[{"href":"https:\/\/sprawapowszechna.org\/index.php?rest_route=%2Fwp%2Fv2%2Fmedia&parent=731"}],"wp:term":[{"taxonomy":"category","embeddable":true,"href":"https:\/\/sprawapowszechna.org\/index.php?rest_route=%2Fwp%2Fv2%2Fcategories&post=731"},{"taxonomy":"post_tag","embeddable":true,"href":"https:\/\/sprawapowszechna.org\/index.php?rest_route=%2Fwp%2Fv2%2Ftags&post=731"}],"curies":[{"name":"wp","href":"https:\/\/api.w.org\/{rel}","templated":true}]}}