{"id":672,"date":"2025-05-09T17:51:45","date_gmt":"2025-05-09T17:51:45","guid":{"rendered":"https:\/\/sprawapowszechna.org\/?p=672"},"modified":"2026-04-11T19:04:19","modified_gmt":"2026-04-11T19:04:19","slug":"80-lat-zwyciestwa-nad-faszyzmem","status":"publish","type":"post","link":"https:\/\/sprawapowszechna.org\/?p=672","title":{"rendered":"80 lat Zwyci\u0119stwa nad faszyzmem!"},"content":{"rendered":"\n<p>80 lat temu &#8211; 8 maja 1945 roku czasu polskiego, nazistowskie Niemcy bezwarunkowo skapitulowa\u0142y, k\u0142ad\u0105c kres II wojnie \u015bwiatowej w Europie. Z okazji tej rocznicy uczcili\u015bmy pami\u0119\u0107 \u017co\u0142nierzy Armii Czerwonej. Armii, bez kt\u00f3rej wyzwolenie spod jarzma okupacji nazistowskiego faszyzmu by\u0142oby zwyczajnie niemo\u017cliwe.<\/p>\n\n\n\n<p>Tak jak niepodwa\u017calnym jest dla nas fakt tego, \u017ce wysi\u0142ek i ofiara dziesi\u0105tek milion\u00f3w radzieckich mas pracuj\u0105cych wszystkich narodowo\u015bci, umo\u017cliwi\u0142y ludzko\u015bci triumf w tej najwi\u0119kszej antyfaszystowskiej walce jej dziej\u00f3w, toczonej o byt albo eksterminacj\u0119 dziesi\u0105tek narod\u00f3w, mniejszo\u015bci i grup spo\u0142ecznych. Tak samo niepodwa\u017calnym jest dla nas to, \u017ce w kontek\u015bcie tej rocznicy nale\u017cy m\u00f3wi\u0107 o wyzwoleniu.<\/p>\n\n\n\n<p>Wszelkie pr\u00f3by stawiania znaku r\u00f3wno\u015bci pomi\u0119dzy okupacj\u0105 nazistowsk\u0105, a sytuacj\u0105 i administracj\u0105 w kraju po wojnie s\u0142u\u017c\u0105 jedynie reakcyjniej polityce historycznej, rehabilituj\u0105cej w ten spos\u00f3b na potrzeby swojej agendy ideologicznej najwi\u0119ksze w dziejach Europy ludob\u00f3jstwo. Terror d\u0105\u017c\u0105cy do ca\u0142kowitej eksterminacji dzisi\u0105tek grup, jest zar\u00f3wno w swojej skali jak i charakterystyce ca\u0142kowicie odmienny i niepor\u00f3wnywalny do terroru aparatu pa\u0144stwowego wprowadzonego, po zako\u0144czeniu wojny. Podczas, gdy jego skala nie by\u0142a nawet do skali terroru nazistowskiego zbli\u017cona. To terror nazistowski s\u0142u\u017cy\u0142 jedynie interesowi niemieckiego imperializmu, a tam gdzie nie m\u00f3g\u0142 tego robi\u0107; przez niewolniczy wyzysk lub kolonizacj\u0119, sia\u0142 wy\u0142\u0105cznie \u015bmier\u0107 i zniszczenie. Drugi znajdowa\u0142 swoje wyra\u017cenie przewodnio w walce i terrorze o charakterze klasowym, kt\u00f3ry bez wchodzenia w jego analiz\u0119, by\u0142 jednocze\u015bnie bezsprzecznie drugorz\u0119dny do odbudowy, industrializacji, a w kr\u00f3tkim czasie &#8211; skoku cywilizacyjnego kraju, ponad wszelkie standardy \u017cycia zastane w przedwojennej Polsce.<\/p>\n\n\n\n<p>Tak wi\u0119c, gdy dzi\u015b instrumentalizuje si\u0119 lub przemilcza po\u015bwi\u0119cenie dziesi\u0105tek milion\u00f3w m\u0119czennik\u00f3w walki o wyzwolenie spod jarzma eksterminacji &#8211; \u017co\u0142nierzy spod sztandaru Armii Czerwonej, Wojska Polskiego, ale r\u00f3wnie\u017c kombatatnt\u00f3w walcz\u0105cych dla realizacji antyfaszystowskich front\u00f3w ludowych w ca\u0142ej Europie (w Polsce Armii Ludowej i wi\u0119kszo\u015bci Batalion\u00f3w Ch\u0142opskich). Zr\u00f3wnuje si\u0119 ich z okupantem i ciemi\u0119\u017cycielem spod nazistowskiego sztandaru \u2013 tym bardziej sz\u0142usznym jest dla nas m\u00f3wienie prawdy i podtrzymywanie ich pami\u0119ci.<\/p>\n\n\n\n<p>Tak samo, gdy z drugiej strony ich pami\u0119\u0107 targana jest przez \u015bmietnik, poprzez sk\u0142adanie im 9 Maja wie\u0144c\u00f3w, przez s\u0142ugus\u00f3w i agent\u00f3w wsp\u00f3\u0142czesnego imperializmu rosyjskiego, a ich zwyci\u0119ski sztandar u\u017cywany jest jako symbol okupacji ci\u0105\u017c\u0105cej na narodzie ukrai\u0144skim. Nie w\u0105tpiwy, \u017ce ta prawdziwa pami\u0119\u0107 i tutaj musi by\u0107 broniona, przed obustronnym; z jednej strony k\u0142amliwym, a z drugiej strony cynicznym atakiem.<\/p>\n\n\n\n<p class=\"has-text-align-center has-primary-color has-text-color has-link-color has-medium-font-size wp-elements-c0ca2bc99d0413be0d3f89e05a4c0987\">W 80 rocznic\u0119 zwyci\u0119stwa w II wojnie \u015bwiatowej w Europie!<\/p>\n\n\n\n<p class=\"has-text-align-center has-primary-color has-text-color has-link-color has-medium-font-size wp-elements-256caee3783ec36a9b7c97b040621079\">Niech \u017byje pami\u0119\u0107 wszystkich antyfaszystowkich m\u0119czennik\u00f3w!<\/p>\n\n\n\n<p class=\"has-text-align-center has-primary-color has-text-color has-link-color has-medium-font-size wp-elements-0ebc7dee11fc8ac0bb018c24c71810c7\">\u015amier\u0107 imperializmowi i faszyzmowi!<\/p>\n\n\n\n<p class=\"has-text-align-center has-primary-color has-text-color has-link-color has-medium-font-size wp-elements-6485ccec5dbc8cf9c9d8188f81094507\">Niech \u017byje wyzwolenie!<\/p>\n\n\n\n<p class=\"has-text-align-right has-normal-font-size\"><strong>Akcja Antyimperialistyczna<\/strong><\/p>\n\n\n\n<p class=\"has-text-align-right has-small-font-size\"><strong>Maj 2025r<\/strong>.<\/p>\n\n\n\n<p><\/p>\n","protected":false},"excerpt":{"rendered":"<p>80 lat temu &#8211; 8 maja 1945 roku czasu polskiego, nazistowskie Niemcy bezwarunkowo skapitulowa\u0142y, k\u0142ad\u0105c kres II wojnie \u015bwiatowej w Europie. Z okazji tej rocznicy uczcili\u015bmy pami\u0119\u0107 \u017co\u0142nierzy Armii Czerwonej. Armii, bez kt\u00f3rej wyzwolenie spod jarzma okupacji nazistowskiego faszyzmu by\u0142oby zwyczajnie niemo\u017cliwe. Tak jak niepodwa\u017calnym jest dla nas fakt tego, \u017ce wysi\u0142ek i ofiara dziesi\u0105tek&#8230;<\/p>\n","protected":false},"author":1,"featured_media":673,"comment_status":"closed","ping_status":"open","sticky":false,"template":"","format":"standard","meta":{"footnotes":""},"categories":[10],"tags":[],"class_list":["post-672","post","type-post","status-publish","format-standard","has-post-thumbnail","hentry","category-oswiadczenie"],"_links":{"self":[{"href":"https:\/\/sprawapowszechna.org\/index.php?rest_route=\/wp\/v2\/posts\/672","targetHints":{"allow":["GET"]}}],"collection":[{"href":"https:\/\/sprawapowszechna.org\/index.php?rest_route=\/wp\/v2\/posts"}],"about":[{"href":"https:\/\/sprawapowszechna.org\/index.php?rest_route=\/wp\/v2\/types\/post"}],"author":[{"embeddable":true,"href":"https:\/\/sprawapowszechna.org\/index.php?rest_route=\/wp\/v2\/users\/1"}],"replies":[{"embeddable":true,"href":"https:\/\/sprawapowszechna.org\/index.php?rest_route=%2Fwp%2Fv2%2Fcomments&post=672"}],"version-history":[{"count":4,"href":"https:\/\/sprawapowszechna.org\/index.php?rest_route=\/wp\/v2\/posts\/672\/revisions"}],"predecessor-version":[{"id":1276,"href":"https:\/\/sprawapowszechna.org\/index.php?rest_route=\/wp\/v2\/posts\/672\/revisions\/1276"}],"wp:featuredmedia":[{"embeddable":true,"href":"https:\/\/sprawapowszechna.org\/index.php?rest_route=\/wp\/v2\/media\/673"}],"wp:attachment":[{"href":"https:\/\/sprawapowszechna.org\/index.php?rest_route=%2Fwp%2Fv2%2Fmedia&parent=672"}],"wp:term":[{"taxonomy":"category","embeddable":true,"href":"https:\/\/sprawapowszechna.org\/index.php?rest_route=%2Fwp%2Fv2%2Fcategories&post=672"},{"taxonomy":"post_tag","embeddable":true,"href":"https:\/\/sprawapowszechna.org\/index.php?rest_route=%2Fwp%2Fv2%2Ftags&post=672"}],"curies":[{"name":"wp","href":"https:\/\/api.w.org\/{rel}","templated":true}]}}