{"id":646,"date":"2025-05-03T11:26:19","date_gmt":"2025-05-03T11:26:19","guid":{"rendered":"https:\/\/sprawapowszechna.org\/?p=646"},"modified":"2026-04-11T19:22:14","modified_gmt":"2026-04-11T19:22:14","slug":"niech-zyje-1-maja","status":"publish","type":"post","link":"https:\/\/sprawapowszechna.org\/?p=646","title":{"rendered":"Niech \u017cyje 1. Maja!"},"content":{"rendered":"\n<p>Chcemy podzieli\u0107 si\u0119 z Wami podsumowaniem dzia\u0142a\u0144 Akcji Antyimperialistycznej i Czerwonych podj\u0119tymi podczas tegorocznego \u015awi\u0119ta Pracy.<\/p>\n\n\n\n<p>Przed po\u0142udniem razem z Akcja Antyimperialistyczna i Czerwoni zgormadzili si\u0119 wsp\u00f3lnie na klasowym bloku \u0142\u00f3dzkiej demonstracji 1 majowej, organizowanej przez \u015brodowisko lewicy parlamentarnej i OPZZ. Tegoroczne pierwszomajowe wydarzenie \u015brodowiska polityk\u00f3w pr\u00f3bowa\u0142y zamieni\u0107 w wiec wyborczy Magdaleny Biejat, agituj\u0105c jej kandydatur\u0119 w nadchodz\u0105cych wyborach prezydenckich, Zgodnie z pozycj\u0105 Akcji Antyimperialistycznej co do potrzeby bojkotu trwaj\u0105cej farsy wyborczej uda\u0142a si\u0119 ona na demonstracj\u0119 wznosz\u0105c wysoko transparent \u201cAni g\u0142osu na wojn\u0119\u201d. Jak uda\u0142o nam si\u0119 dowiedzie\u0107, by\u0142 on r\u00f3wnie\u017c sprzeciwem wobec zgody kandydat\u00f3w \u201clewicy\u201d na militaryzacj\u0119 pa\u0144stwa kosztem us\u0142ug spo\u0142ecznych oraz kosztem militaryzacji mas pracuj\u0105cych.<\/p>\n\n\n\n<p>Po wys\u0142uchaniu przem\u00f3w, w trakcie kt\u00f3rych klaska\u0142a sobie wzajemnie \u015bmietanka partyjnej biurokracji Nowej &#8222;Lewicy&#8221;, rozpocz\u0105\u0142 si\u0119 przemarsz ulic\u0105 Piotrkowsk\u0105 w stron\u0119 Starego Rynku. W jego trakcie blok wznosi\u0142 klasowe, bojowe i antyimperialistyczne okrzyki. Obecno\u015b\u0107 przekazu politycznego w trakcie przemarszu, (a nie tylko przy m\u00f3wnicy lider\u00f3w Nowej Lewicy, kt\u00f3rzy nagrywali w trakcie przemarszu materia\u0142y do kampanii) umo\u017cliwi\u0142a pracownikom wypowiedzenie si\u0119: z zewn\u0105trz przy\u0142\u0105czali si\u0119 oni do skandowania, proponowali w\u0142asne okrzyki i jak w przypadku towarzyszki zatrudnionej w o\u015bwiacie &#8211; \u0142api\u0105c za megafon bloku, mogli da\u0107 oni wyraz swoim interesom, solidarno\u015bci i \u015bwiadomo\u015bci klasowej.<\/p>\n\n\n\n<figure class=\"wp-block-image size-large\"><img fetchpriority=\"high\" decoding=\"async\" width=\"1024\" height=\"683\" src=\"https:\/\/sprawapowszechna.org\/wp-content\/uploads\/2025\/05\/Blur2-1-1024x683.jpg\" alt=\"\" class=\"wp-image-666\" srcset=\"https:\/\/sprawapowszechna.org\/wp-content\/uploads\/2025\/05\/Blur2-1-1024x683.jpg 1024w, https:\/\/sprawapowszechna.org\/wp-content\/uploads\/2025\/05\/Blur2-1-300x200.jpg 300w, https:\/\/sprawapowszechna.org\/wp-content\/uploads\/2025\/05\/Blur2-1-768x512.jpg 768w, https:\/\/sprawapowszechna.org\/wp-content\/uploads\/2025\/05\/Blur2-1-1536x1024.jpg 1536w, https:\/\/sprawapowszechna.org\/wp-content\/uploads\/2025\/05\/Blur2-1-2048x1365.jpg 2048w\" sizes=\"(max-width: 1024px) 100vw, 1024px\" \/><\/figure>\n\n\n\n<p>Pomimo pr\u00f3b unikania i ignorowania bloku, wraz z omini\u0119ciem Placu Wolno\u015bci, po kt\u00f3rym zbli\u017cy\u0142 si\u0119 on do czo\u0142a marszu mia\u0142a miejsce PR\u2019owa katastrofa dla kandydatki Lewicy na przezydenta \u2013 Magdaleny Biejat.<\/p>\n\n\n\n<p>Mijaj\u0105c blok w b\u0142ysku partyjnych reflektor\u00f3w, pr\u00f3bowa\u0142a ona pod\u0142apa\u0107 i zach\u0119ci\u0107 go do skandowania jednego z hase\u0142. Rozpoznawszy wicemarsza\u0142ek Biejat, blok odpowiedzia\u0142 \u201c<em>Nie ma \u017cadnego pracowniczego kandydata<\/em>\u201d i \u201c<em>Pos\u0142owie do roboty za 3000z\u0142<\/em>\u201d, wywo\u0142uj\u0105c u kandydatki (kt\u00f3ra &#8222;nie ucieka, przed ci\u0119\u017ckimi pytaniami&#8221;) i jej ekipy filmowej natychmiastow\u0105 ucieczk\u0119 na teren przygotowanego, przez nich wydarzenia towarzysz\u0105cego. Pad\u0142y pojedyncze g\u0142osy oburzenia ze strony \u015bwity wicemarsza\u0142ek Senatu, kt\u00f3re rz\u0105da\u0142y od m\u0142odzie\u017cy z bloku \u201cszacunku\u201d. Kuriozalne wymaganie od os\u00f3b, kt\u00f3re nie widz\u0105 nic bezczelnego w organizacji 1 Maja z ekip\u0105 pos\u0142\u00f3w na scenie, z kt\u00f3rych jeden proponowa\u0142 porzucenie \u015awi\u0119ta Pracy na rzecz \u201c\u015bwi\u0119ta unii europejskiej\u201d, a inna jeszcze pod koniec zesz\u0142ego roku wychwala\u0142a ludob\u00f3jstwo syjonist\u00f3w w Palestynie, pisz\u0105c o prawie izraela do \u201csamoobrony\u201d.<\/p>\n\n\n\n<p>Poch\u00f3d zako\u0144czy\u0142 si\u0119 na Starym Rynku, gdzie czeka\u0142o miasteczko przygotowane, przez organizator\u00f3w. Jednak do klasowego bloku, wraz z zako\u0144czeniem przemarszu zg\u0142osi\u0142a si\u0119 pracownica, kt\u00f3rej prawa pracownicze zosta\u0142y naruszone &#8211; prosz\u0105ca o pomoc w dotarciu do minister pracy Dziemianowicz-B\u0105k, kt\u00f3ra obecna by\u0142a na m\u00f3wincy oraz materia\u0142ach medialnych kr\u0119conych w trakcie przemarszu. Wsp\u00f3lnie z pracownic\u0105 podj\u0119ta zosta\u0142a pr\u00f3ba zlokalizowania minister pracy, jednak w obliczu widma interwencji spo\u0142ecznej s\u0142uch po niej zagin\u0105\u0142.<\/p>\n\n\n\n<p>Dzie\u0144 kontynuowano wsp\u00f3lnym piknikiem pracowniczym w parku, gdzie towarzysz z czerwonych przybli\u017cy\u0142 powi\u0105zania polityk\u00f3w i biznesu w Polsce, otwieraj\u0105c dyskusj\u0119 z udzia\u0142em pracownik\u00f3w. Akcja Antyimperialistyczna, przedstawi\u0142a panel pod tytu\u0142em \u201cAntyimperializm i formy organizacji\u201d. Przybli\u017cy\u0142 on rol\u0119 Ligi Biednych Ch\u0142op\u00f3w w Brazylii dla Rewolucji Agrarnej, pokazuj\u0105c jakie formy organizacji wykszta\u0142cili oni w swojej walce. Pokazano r\u00f3wnie\u017c analogi\u0119 mi\u0119dzy walk\u0105 o produkcj\u0119 LCP, a jej rodzimym przyk\u0142adami, wywi\u0105za\u0142a si\u0119 te\u017c owocna dyskusja na temat relacji klasowych na polskiej wsi.<\/p>\n\n\n\n<figure class=\"wp-block-gallery has-nested-images columns-default is-cropped wp-block-gallery-1 is-layout-flex wp-block-gallery-is-layout-flex\">\n<figure class=\"wp-block-image size-large\"><img decoding=\"async\" width=\"1024\" height=\"683\" data-id=\"661\" src=\"https:\/\/sprawapowszechna.org\/wp-content\/uploads\/2025\/05\/Blur4-1024x683.jpg\" alt=\"\" class=\"wp-image-661\" srcset=\"https:\/\/sprawapowszechna.org\/wp-content\/uploads\/2025\/05\/Blur4-1024x683.jpg 1024w, https:\/\/sprawapowszechna.org\/wp-content\/uploads\/2025\/05\/Blur4-300x200.jpg 300w, https:\/\/sprawapowszechna.org\/wp-content\/uploads\/2025\/05\/Blur4-768x512.jpg 768w, https:\/\/sprawapowszechna.org\/wp-content\/uploads\/2025\/05\/Blur4-1536x1024.jpg 1536w, https:\/\/sprawapowszechna.org\/wp-content\/uploads\/2025\/05\/Blur4-2048x1365.jpg 2048w\" sizes=\"(max-width: 1024px) 100vw, 1024px\" \/><\/figure>\n<\/figure>\n\n\n\n<p>Serdecznie dzi\u0119kujemy towarzyszom i towarzyszkom z Akcji Antyimperialistycznej i Czerwonych za udany marsz i piknik 1. Majowy oraz ugoszczenie naszej redakcji.<\/p>\n\n\n\n<p>W szczeg\u00f3lno\u015bci chcemy jednak rozszerzy\u0107 nasze pozdrowienia i podzi\u0119kowania dla proletariatu \u0141odzi i ca\u0142ej Polski. Dzi\u0119ki waszemu g\u0142osowi, na tej demonstracji pokaza\u0142a ona si\u0142\u0119 klasy pracuj\u0105cej, kt\u00f3rej parlamentarny kretynizm si\u0119 boi, si\u0142\u0119 wobec kt\u00f3rej parlamentarny kretynizm si\u0119 o\u015bmiesza. Si\u0142\u0119 dzi\u0119ki, kt\u00f3rej nasza walka jest walk\u0105 nie tylko o prawa pracownik\u00f3w, ale te\u017c o ich w\u0142adz\u0119.<\/p>\n\n\n\n<figure class=\"wp-block-image size-large\"><img decoding=\"async\" width=\"1024\" height=\"683\" src=\"https:\/\/sprawapowszechna.org\/wp-content\/uploads\/2025\/05\/Blur6-1024x683.jpg\" alt=\"\" class=\"wp-image-663\" srcset=\"https:\/\/sprawapowszechna.org\/wp-content\/uploads\/2025\/05\/Blur6-1024x683.jpg 1024w, https:\/\/sprawapowszechna.org\/wp-content\/uploads\/2025\/05\/Blur6-300x200.jpg 300w, https:\/\/sprawapowszechna.org\/wp-content\/uploads\/2025\/05\/Blur6-768x512.jpg 768w, https:\/\/sprawapowszechna.org\/wp-content\/uploads\/2025\/05\/Blur6-1536x1024.jpg 1536w, https:\/\/sprawapowszechna.org\/wp-content\/uploads\/2025\/05\/Blur6-2048x1365.jpg 2048w\" sizes=\"(max-width: 1024px) 100vw, 1024px\" \/><\/figure>\n\n\n\n<p class=\"has-text-align-center has-primary-color has-text-color has-link-color has-medium-font-size wp-elements-f2fda2fee202b350fb5e20032e38e808\">Niech \u017byje 1. Maja!<\/p>\n\n\n\n<p class=\"has-text-align-center has-primary-color has-text-color has-link-color has-medium-font-size wp-elements-7e9981b4256f8d273439486e3439a404\">Ani g\u0142osu na wojn\u0119!<\/p>\n\n\n\n<p class=\"has-text-align-center has-primary-color has-text-color has-link-color has-medium-font-size wp-elements-dfb6a73ee38d526cc43f8a4dcd5849a0\">Precz z wyborczym kretynizmem!<\/p>\n\n\n\n<p class=\"has-text-align-center has-primary-color has-text-color has-link-color has-medium-font-size wp-elements-adc77deea49967e94ef4d11de00ffe5b\">Nie G\u0142osuj w wyborach prezydenckich! Bojkotuj!<\/p>\n\n\n\n<p><\/p>\n","protected":false},"excerpt":{"rendered":"<p>Chcemy podzieli\u0107 si\u0119 z Wami podsumowaniem dzia\u0142a\u0144 Akcji Antyimperialistycznej i Czerwonych podj\u0119tymi podczas tegorocznego \u015awi\u0119ta Pracy. Przed po\u0142udniem razem z Akcja Antyimperialistyczna i Czerwoni zgormadzili si\u0119 wsp\u00f3lnie na klasowym bloku \u0142\u00f3dzkiej demonstracji 1 majowej, organizowanej przez \u015brodowisko lewicy parlamentarnej i OPZZ. Tegoroczne pierwszomajowe wydarzenie \u015brodowiska polityk\u00f3w pr\u00f3bowa\u0142y zamieni\u0107 w wiec wyborczy Magdaleny Biejat, agituj\u0105c jej&#8230;<\/p>\n","protected":false},"author":1,"featured_media":652,"comment_status":"closed","ping_status":"open","sticky":false,"template":"","format":"standard","meta":{"footnotes":""},"categories":[3],"tags":[],"class_list":["post-646","post","type-post","status-publish","format-standard","has-post-thumbnail","hentry","category-artykul"],"_links":{"self":[{"href":"https:\/\/sprawapowszechna.org\/index.php?rest_route=\/wp\/v2\/posts\/646","targetHints":{"allow":["GET"]}}],"collection":[{"href":"https:\/\/sprawapowszechna.org\/index.php?rest_route=\/wp\/v2\/posts"}],"about":[{"href":"https:\/\/sprawapowszechna.org\/index.php?rest_route=\/wp\/v2\/types\/post"}],"author":[{"embeddable":true,"href":"https:\/\/sprawapowszechna.org\/index.php?rest_route=\/wp\/v2\/users\/1"}],"replies":[{"embeddable":true,"href":"https:\/\/sprawapowszechna.org\/index.php?rest_route=%2Fwp%2Fv2%2Fcomments&post=646"}],"version-history":[{"count":4,"href":"https:\/\/sprawapowszechna.org\/index.php?rest_route=\/wp\/v2\/posts\/646\/revisions"}],"predecessor-version":[{"id":1279,"href":"https:\/\/sprawapowszechna.org\/index.php?rest_route=\/wp\/v2\/posts\/646\/revisions\/1279"}],"wp:featuredmedia":[{"embeddable":true,"href":"https:\/\/sprawapowszechna.org\/index.php?rest_route=\/wp\/v2\/media\/652"}],"wp:attachment":[{"href":"https:\/\/sprawapowszechna.org\/index.php?rest_route=%2Fwp%2Fv2%2Fmedia&parent=646"}],"wp:term":[{"taxonomy":"category","embeddable":true,"href":"https:\/\/sprawapowszechna.org\/index.php?rest_route=%2Fwp%2Fv2%2Fcategories&post=646"},{"taxonomy":"post_tag","embeddable":true,"href":"https:\/\/sprawapowszechna.org\/index.php?rest_route=%2Fwp%2Fv2%2Ftags&post=646"}],"curies":[{"name":"wp","href":"https:\/\/api.w.org\/{rel}","templated":true}]}}