{"id":525,"date":"2025-01-29T01:37:15","date_gmt":"2025-01-29T01:37:15","guid":{"rendered":"https:\/\/sprawapowszechna.org\/?p=525"},"modified":"2026-04-12T18:28:22","modified_gmt":"2026-04-12T18:28:22","slug":"akcja-antyimperialistyczna-powszechne-upamietnienie-wyzwolenia-auschwitz","status":"publish","type":"post","link":"https:\/\/sprawapowszechna.org\/?p=525","title":{"rendered":"Akcja Antyimperialistyczna: Powszechne upami\u0119tnienie 80 rocznicy wyzwolenia Auschwitz!"},"content":{"rendered":"\n<p class=\"has-x-small-font-size\">Udost\u0119pniamy relacj\u0119 nades\u0142an\u0105 nam przez inicjatyw\u0119 Akcji Antyimperialistycznej<\/p>\n\n\n\n<p>27 Stycznia 1945 roku Armia Czerwona wyzwoli\u0142a ob\u00f3z zag\u0142ady KL Auschwitz, w kt\u00f3rym zamordowano 1.1 miliona ludzi (g\u0142\u00f3wnie \u017byd\u00f3w, Rom\u00f3w i Sinti z ca\u0142ej Europy, w tym Polak\u00f3w), by\u0142 on najczarniejsz\u0105 ze zbrodni nazistowskiej machiny zag\u0142ady niemieckiego imperializmu.<\/p>\n\n\n\n<p>W przeddzie\u0144 80 rocznicy wyzwolenia 26 Stycznia 2025 roku, wsp\u00f3lnie z: Czerwoni Ma\u0142opolska, Akcj\u0105 Socjalistyczn\u0105 i Akademi\u0105 dla Palestyny, wsp\u00f3\u0142organizowali\u015bmy w Krakowie demonstracj\u0119 pod has\u0142em \u201cNigdy wi\u0119cej dla nikogo\u201d, mia\u0142a ona na celu powszechne uczczenie rocznicy tego wyzwolenia oraz upami\u0119tnienie wszystkich ofiar zag\u0142ady systemowej. Jednym z cel\u00f3w by\u0142o r\u00f3wnie\u017c odzyskanie pami\u0119ci o Holokau\u015bcie z jego biurokratycznej i odizolowanej perspektywy w kontek\u015bcie ludob\u00f3jstwa Gazy i Palestyny, dokonywanego przez terrorystyczne pa\u0144stwo syjonistyczne, kt\u00f3re wykorzystuje t\u0105 dziejow\u0105 tragedi\u0119 naszych ludzi i przodk\u00f3w jako bro\u0144 ideologiczn\u0105. Okaza\u0142o si\u0119 to tym bardziej konieczne ze wzgl\u0119du na kryminaln\u0105 decyzj\u0119 klas rz\u0105dz\u0105cych z 9 stycznia. Stanowi\u0142a ona o protekcji wszystkich przedstawicieli pa\u0144stwa izraelskiego (w tym poszukiwanych, przest\u0119pc\u00f3w wojennych) &#8211; kt\u00f3rzy wyra\u017c\u0105 wol\u0119 przyjazdu na oficjalne obchody 80 rocznicy wyzwolenia.<\/p>\n\n\n\n<p>Dzie\u0144 przed demonstracj\u0105 25 stycznia mia\u0142y miejsce panele, gdzie g\u0142os zabrali liczni post\u0119powi badacze akademiccy, aktywi\u015bci palesty\u0144scy oraz anty-syjonistyczne organizacje \u017cydowskie min: Juedische Stimme, Black Jewish Alliance i cz\u0142onkowie ruchu BDS. Na protest 26 stycznia dotar\u0142y setki uczestnik\u00f3w zar\u00f3wno lokalanych, jak i go\u015bci z Niemiec, Wielkiej Brytanii, Norwegii oraz aktywi\u015bci ruchu palesty\u0144skiego z innych miast Polski min: Katowic, Warszawy, Poznania, Lublina i Torunia.<\/p>\n\n\n\n<figure class=\"wp-block-image aligncenter size-full\"><img fetchpriority=\"high\" decoding=\"async\" width=\"466\" height=\"518\" src=\"https:\/\/sprawapowszechna.org\/wp-content\/uploads\/2025\/01\/Demoart.png\" alt=\"\" class=\"wp-image-547\" srcset=\"https:\/\/sprawapowszechna.org\/wp-content\/uploads\/2025\/01\/Demoart.png 466w, https:\/\/sprawapowszechna.org\/wp-content\/uploads\/2025\/01\/Demoart-270x300.png 270w\" sizes=\"(max-width: 466px) 100vw, 466px\" \/><figcaption class=\"wp-element-caption\">Dybuch nios\u0105cy palesty\u0144skiego m\u0119czennika<\/figcaption><\/figure>\n\n\n\n<p>Wydarzenie rozpocz\u0119\u0142o si\u0119 na Placu Wolnica w sercu Kazimierza \u2013 historycznie najwa\u017cniejszej dzielnicy \u017cydowskiej w Polsce i najstarszej takiej w Europie. Na pocz\u0105tku mia\u0142a miejsce artystyczna interpretacja kultur \u017ca\u0142oby i m\u0119cze\u0144stwa we wsp\u00f3lnej \u017cydowsko-palesty\u0144skiej narracji. Nast\u0119pnie wyg\u0142oszono mowy w j\u0119zyku polskim i angielskim, kt\u00f3re poruszy\u0142y tematy min: roli syjonzimu w destrukcji kultur \u017cydowskich, zbrodni syjonzimu na ludach Bliskiego Wschodu, natur\u0119 imperializmu i faszyzmu oraz znaczenie oporu Palestyny. Opu\u015bcili\u015bmy Plac Wolnica id\u0105c w g\u0142\u0105b Kazimierza, nie\u015bli\u015bmy na ustach okrzyki wyzwolenia mijaj\u0105c Wawel maszeruj\u0105c a\u017c na Rynek G\u0142\u00f3wny, wznie\u015bli\u015bmy wysoko baner \u201cPalestyna Walczy i Zwyci\u0119\u017ca\u201d! Na miejscu po odczytaniu kolejnych przem\u00f3w, pe\u0142ni nadziei oraz bojowego ducha zako\u0144czyli\u015bmy demonstracj\u0119 wiedz\u0105c, \u017ce ludzie nigdy nie oddadz\u0105 lekcji Holokaustu, jej uzurpatorom.<\/p>\n\n\n\n<figure class=\"wp-block-image aligncenter size-full is-resized\"><img decoding=\"async\" width=\"432\" height=\"645\" src=\"https:\/\/sprawapowszechna.org\/wp-content\/uploads\/2025\/01\/Screenshot_2025-01-27_22-56-16.png\" alt=\"\" class=\"wp-image-527\" style=\"width:359px;height:auto\" srcset=\"https:\/\/sprawapowszechna.org\/wp-content\/uploads\/2025\/01\/Screenshot_2025-01-27_22-56-16.png 432w, https:\/\/sprawapowszechna.org\/wp-content\/uploads\/2025\/01\/Screenshot_2025-01-27_22-56-16-201x300.png 201w\" sizes=\"(max-width: 432px) 100vw, 432px\" \/><\/figure>\n\n\n\n<p>Jest to dzie\u0144, kt\u00f3ry na zawsze symoblizowa\u0107 musi op\u00f3r ludzi przeciw  ciemi\u0119\u017cycilom i ich zbrodniom niezale\u017cnie od farsy i profanacji, kt\u00f3re odgrywane s\u0105 przez delegacje wsp\u00f3\u0142czesnych reprezentant\u00f3w imperializmu i ich s\u0142ugus\u00f3w w splamionym krwi\u0105 naszych si\u00f3str, braci i przodk\u00f3w obozie zag\u0142ady.<\/p>\n\n\n\n<p><strong>Nigdy Wi\u0119cej dla Nikogo !<\/strong><\/p>\n\n\n\n<p><strong>Niech \u017byje Wyzwolenie Auschwitz, Palestyny i ludzko\u015bci !<\/strong><\/p>\n\n\n\n<p><strong>Palestyna \u017byje, Walczy i Zwyci\u0119\u017ca !<\/strong><\/p>\n\n\n\n<figure class=\"wp-block-gallery has-nested-images columns-default is-cropped wp-block-gallery-1 is-layout-flex wp-block-gallery-is-layout-flex\">\n<figure class=\"wp-block-image size-large\"><img decoding=\"async\" width=\"1024\" height=\"683\" data-id=\"549\" src=\"https:\/\/sprawapowszechna.org\/wp-content\/uploads\/2025\/01\/DSC05497safe-1024x683.jpg\" alt=\"\" class=\"wp-image-549\" srcset=\"https:\/\/sprawapowszechna.org\/wp-content\/uploads\/2025\/01\/DSC05497safe-1024x683.jpg 1024w, https:\/\/sprawapowszechna.org\/wp-content\/uploads\/2025\/01\/DSC05497safe-300x200.jpg 300w, https:\/\/sprawapowszechna.org\/wp-content\/uploads\/2025\/01\/DSC05497safe-768x512.jpg 768w, https:\/\/sprawapowszechna.org\/wp-content\/uploads\/2025\/01\/DSC05497safe-1536x1024.jpg 1536w, https:\/\/sprawapowszechna.org\/wp-content\/uploads\/2025\/01\/DSC05497safe-2048x1365.jpg 2048w\" sizes=\"(max-width: 1024px) 100vw, 1024px\" \/><\/figure>\n\n\n\n<figure class=\"wp-block-image size-large\"><img loading=\"lazy\" decoding=\"async\" width=\"1024\" height=\"683\" data-id=\"550\" src=\"https:\/\/sprawapowszechna.org\/wp-content\/uploads\/2025\/01\/DSC05560safe-1024x683.jpg\" alt=\"\" class=\"wp-image-550\" srcset=\"https:\/\/sprawapowszechna.org\/wp-content\/uploads\/2025\/01\/DSC05560safe-1024x683.jpg 1024w, https:\/\/sprawapowszechna.org\/wp-content\/uploads\/2025\/01\/DSC05560safe-300x200.jpg 300w, https:\/\/sprawapowszechna.org\/wp-content\/uploads\/2025\/01\/DSC05560safe-768x512.jpg 768w, https:\/\/sprawapowszechna.org\/wp-content\/uploads\/2025\/01\/DSC05560safe-1536x1024.jpg 1536w, https:\/\/sprawapowszechna.org\/wp-content\/uploads\/2025\/01\/DSC05560safe-2048x1365.jpg 2048w\" sizes=\"(max-width: 1024px) 100vw, 1024px\" \/><\/figure>\n\n\n\n<figure class=\"wp-block-image size-large\"><img loading=\"lazy\" decoding=\"async\" width=\"1024\" height=\"683\" data-id=\"551\" src=\"https:\/\/sprawapowszechna.org\/wp-content\/uploads\/2025\/01\/DSC05702safe-1024x683.jpg\" alt=\"\" class=\"wp-image-551\" srcset=\"https:\/\/sprawapowszechna.org\/wp-content\/uploads\/2025\/01\/DSC05702safe-1024x683.jpg 1024w, https:\/\/sprawapowszechna.org\/wp-content\/uploads\/2025\/01\/DSC05702safe-300x200.jpg 300w, https:\/\/sprawapowszechna.org\/wp-content\/uploads\/2025\/01\/DSC05702safe-768x512.jpg 768w, https:\/\/sprawapowszechna.org\/wp-content\/uploads\/2025\/01\/DSC05702safe-1536x1024.jpg 1536w, https:\/\/sprawapowszechna.org\/wp-content\/uploads\/2025\/01\/DSC05702safe-2048x1365.jpg 2048w\" sizes=\"(max-width: 1024px) 100vw, 1024px\" \/><\/figure>\n\n\n\n<figure class=\"wp-block-image size-large\"><img loading=\"lazy\" decoding=\"async\" width=\"1024\" height=\"683\" data-id=\"553\" src=\"https:\/\/sprawapowszechna.org\/wp-content\/uploads\/2025\/01\/DSC05824safe-1024x683.jpg\" alt=\"\" class=\"wp-image-553\" srcset=\"https:\/\/sprawapowszechna.org\/wp-content\/uploads\/2025\/01\/DSC05824safe-1024x683.jpg 1024w, https:\/\/sprawapowszechna.org\/wp-content\/uploads\/2025\/01\/DSC05824safe-300x200.jpg 300w, https:\/\/sprawapowszechna.org\/wp-content\/uploads\/2025\/01\/DSC05824safe-768x512.jpg 768w, https:\/\/sprawapowszechna.org\/wp-content\/uploads\/2025\/01\/DSC05824safe-1536x1024.jpg 1536w, https:\/\/sprawapowszechna.org\/wp-content\/uploads\/2025\/01\/DSC05824safe-2048x1365.jpg 2048w\" sizes=\"(max-width: 1024px) 100vw, 1024px\" \/><\/figure>\n\n\n\n<figure class=\"wp-block-image size-full\"><img loading=\"lazy\" decoding=\"async\" width=\"462\" height=\"437\" data-id=\"541\" src=\"https:\/\/sprawapowszechna.org\/wp-content\/uploads\/2025\/01\/Demowspolne.png\" alt=\"\" class=\"wp-image-541\" srcset=\"https:\/\/sprawapowszechna.org\/wp-content\/uploads\/2025\/01\/Demowspolne.png 462w, https:\/\/sprawapowszechna.org\/wp-content\/uploads\/2025\/01\/Demowspolne-300x284.png 300w\" sizes=\"(max-width: 462px) 100vw, 462px\" \/><\/figure>\n<\/figure>\n\n\n\n<figure class=\"wp-block-gallery has-nested-images columns-default is-cropped wp-block-gallery-2 is-layout-flex wp-block-gallery-is-layout-flex\"><\/figure>\n\n\n\n<p class=\"has-small-font-size\">Zdj\u0119cia: Czerwoni Ma\u0142opolska, <a href=\"https:\/\/www.instagram.com\/kolektyw_dziennikarski\/\">@kolektyw_dziennikarski<\/a> , Bogdan Kr\u0119\u017cel <a href=\"https:\/\/www.instagram.com\/app________app\/\">@app________app<\/a> <a href=\"https:\/\/www.instagram.com\/dawidzielinskiphoto\/\">@dawidzielinskiphoto<\/a><br><a href=\"https:\/\/www.instagram.com\/m4rc3lx_\/\">@m4rc3lx_<\/a><\/p>\n\n\n\n<p><\/p>\n","protected":false},"excerpt":{"rendered":"<p>Udost\u0119pniamy relacj\u0119 nades\u0142an\u0105 nam przez inicjatyw\u0119 Akcji Antyimperialistycznej 27 Stycznia 1945 roku Armia Czerwona wyzwoli\u0142a ob\u00f3z zag\u0142ady KL Auschwitz, w kt\u00f3rym zamordowano 1.1 miliona ludzi (g\u0142\u00f3wnie \u017byd\u00f3w, Rom\u00f3w i Sinti z ca\u0142ej Europy, w tym Polak\u00f3w), by\u0142 on najczarniejsz\u0105 ze zbrodni nazistowskiej machiny zag\u0142ady niemieckiego imperializmu. W przeddzie\u0144 80 rocznicy wyzwolenia 26 Stycznia 2025 roku,&#8230;<\/p>\n","protected":false},"author":1,"featured_media":555,"comment_status":"closed","ping_status":"open","sticky":false,"template":"","format":"standard","meta":{"footnotes":""},"categories":[3],"tags":[],"class_list":["post-525","post","type-post","status-publish","format-standard","has-post-thumbnail","hentry","category-artykul"],"_links":{"self":[{"href":"https:\/\/sprawapowszechna.org\/index.php?rest_route=\/wp\/v2\/posts\/525","targetHints":{"allow":["GET"]}}],"collection":[{"href":"https:\/\/sprawapowszechna.org\/index.php?rest_route=\/wp\/v2\/posts"}],"about":[{"href":"https:\/\/sprawapowszechna.org\/index.php?rest_route=\/wp\/v2\/types\/post"}],"author":[{"embeddable":true,"href":"https:\/\/sprawapowszechna.org\/index.php?rest_route=\/wp\/v2\/users\/1"}],"replies":[{"embeddable":true,"href":"https:\/\/sprawapowszechna.org\/index.php?rest_route=%2Fwp%2Fv2%2Fcomments&post=525"}],"version-history":[{"count":5,"href":"https:\/\/sprawapowszechna.org\/index.php?rest_route=\/wp\/v2\/posts\/525\/revisions"}],"predecessor-version":[{"id":1288,"href":"https:\/\/sprawapowszechna.org\/index.php?rest_route=\/wp\/v2\/posts\/525\/revisions\/1288"}],"wp:featuredmedia":[{"embeddable":true,"href":"https:\/\/sprawapowszechna.org\/index.php?rest_route=\/wp\/v2\/media\/555"}],"wp:attachment":[{"href":"https:\/\/sprawapowszechna.org\/index.php?rest_route=%2Fwp%2Fv2%2Fmedia&parent=525"}],"wp:term":[{"taxonomy":"category","embeddable":true,"href":"https:\/\/sprawapowszechna.org\/index.php?rest_route=%2Fwp%2Fv2%2Fcategories&post=525"},{"taxonomy":"post_tag","embeddable":true,"href":"https:\/\/sprawapowszechna.org\/index.php?rest_route=%2Fwp%2Fv2%2Ftags&post=525"}],"curies":[{"name":"wp","href":"https:\/\/api.w.org\/{rel}","templated":true}]}}