{"id":491,"date":"2024-12-31T22:26:20","date_gmt":"2024-12-31T22:26:20","guid":{"rendered":"https:\/\/sprawapowszechna.org\/?p=491"},"modified":"2026-04-11T19:32:26","modified_gmt":"2026-04-11T19:32:26","slug":"akcja-antyimperialistyczna-ogolna-linia-polityczna","status":"publish","type":"post","link":"https:\/\/sprawapowszechna.org\/?p=491","title":{"rendered":"Akcja Antyimperialistyczna: Og\u00f3lna linia polityczna"},"content":{"rendered":"\n<p>Prezentujemy do wiadomo\u015bci publicznej tre\u015b\u0107 og\u00f3lnej linii politycznej Akcji Antyimperialistycznej:<\/p>\n\n\n\n<ol class=\"wp-block-list\">\n<li class=\"has-normal-font-size\"><strong>Akcja Antyimperialistyczna definuje imperializm jako wsp\u00f3\u0142czesny kapitalizm w swoim stadium monopolistycznym.<\/strong><\/li>\n\n\n\n<li class=\"has-normal-font-size\"><strong>Akcja Antyimperialistyczna uznaje imperializm za g\u0142\u00f3wne \u017ar\u00f3d\u0142o wsp\u00f3\u0142czesnych konflikt\u00f3w, w tym tych o charakterze klasowym i narodowym, zar\u00f3wno w Polsce jak i na ca\u0142ym \u015bwiecie, jednoznacznie staj\u0105c po stronie post\u0119powych si\u0142 uczestnicz\u0105cych w tych konfliktach.<\/strong><\/li>\n\n\n\n<li class=\"has-normal-font-size\"><strong>Akcja Antyimperialistyczna sprzeciwia si\u0119 ka\u017cdej wojnie prowadzonej lub pod\u017ceganej przez imperialist\u00f3w, niezale\u017cnie od jej konkretnych uczestnik\u00f3w, staj\u0105c po stronie lud\u00f3w i narod\u00f3w uciskanych w tych konfliktach<\/strong>.<\/li>\n\n\n\n<li class=\"has-normal-font-size\"><strong>Akcja Antyimperialistyczna rozpoznaje hegemoni\u0119 imperializmu we wszystkich sferach \u017cycia spo\u0142ecznego (ideologicznej, ekonomicznej, politycznej, kulturowej), przyjmuj\u0105c dominacj\u0119 polityczn\u0105 i ekonomiczn\u0105 jako przewodnie w\u015br\u00f3d nich<\/strong>.<\/li>\n\n\n\n<li class=\"has-normal-font-size\"><strong>Akcja Antyimperialistyczna deklaruje sw\u00f3j nieugi\u0119ty op\u00f3r wobec systemu imperialistycznego we wszystkich wy\u017cej wymienionych sferach \u017cycia<\/strong>.<\/li>\n\n\n\n<li class=\"has-normal-font-size\"> <strong>Akcja Antyimperialistyczna deklaruje swoje poparcie dla wszelkich praw demokratycznych przys\u0142uguj\u0105cych og\u00f3\u0142owi ludno\u015bci staj\u0105c jednoznacznie w ich obronie.<\/strong><\/li>\n\n\n\n<li class=\"has-normal-font-size\"><strong>Akcja Antyimperialistyczna bezwarunkowo uznaje prawo narod\u00f3w do samostanowienia<\/strong>.<\/li>\n\n\n\n<li class=\"has-normal-font-size\"><strong>Akcja Antyimperialistyczna przyjmuje internacjonalizm jako postaw\u0119 konieczn\u0105 do pokonania imperializmu<\/strong>.<\/li>\n\n\n\n<li class=\"has-normal-font-size\"><strong>Akcja Antyimperialistyczna uznaje fakt istnienia podw\u00f3jnego w swojej naturze ucisku wobec kobiet w imperializmie, charakteryzuj\u0105cego si\u0119 brakiem mo\u017cliwo\u015bci pe\u0142nego wyzwolenia z patriarchatu w ramach tego systemu<\/strong>.<\/li>\n\n\n\n<li class=\"has-normal-font-size\"><strong>Akcja Antyimperialistyczna uznaje fakt wzmo\u017conego ucisku w systemie imperialistycznym do\u015bwiadczanego przez wybrane grupy spo\u0142eczne (mniejszo\u015bci religijne, seksualno-p\u0142ciowe, etniczne, narodowe)<\/strong>.<\/li>\n<\/ol>\n\n\n\n<p><\/p>\n\n\n\n<p><\/p>\n\n\n\n<p><\/p>\n\n\n\n<figure class=\"wp-block-gallery aligncenter has-nested-images columns-1 wp-block-gallery-1 is-layout-flex wp-block-gallery-is-layout-flex\">\n<figure class=\"wp-block-image size-large\"><img fetchpriority=\"high\" decoding=\"async\" width=\"800\" height=\"801\" data-id=\"508\" src=\"https:\/\/sprawapowszechna.org\/wp-content\/uploads\/2024\/12\/ogolnalinia1-2.png\" alt=\"\" class=\"wp-image-508\" srcset=\"https:\/\/sprawapowszechna.org\/wp-content\/uploads\/2024\/12\/ogolnalinia1-2.png 800w, https:\/\/sprawapowszechna.org\/wp-content\/uploads\/2024\/12\/ogolnalinia1-2-300x300.png 300w, https:\/\/sprawapowszechna.org\/wp-content\/uploads\/2024\/12\/ogolnalinia1-2-150x150.png 150w, https:\/\/sprawapowszechna.org\/wp-content\/uploads\/2024\/12\/ogolnalinia1-2-768x769.png 768w\" sizes=\"(max-width: 800px) 100vw, 800px\" \/><\/figure>\n<\/figure>\n\n\n\n<figure class=\"wp-block-image aligncenter size-full\"><img decoding=\"async\" width=\"800\" height=\"801\" src=\"https:\/\/sprawapowszechna.org\/wp-content\/uploads\/2024\/12\/ogolnalinia2-3.png\" alt=\"\" class=\"wp-image-509\" srcset=\"https:\/\/sprawapowszechna.org\/wp-content\/uploads\/2024\/12\/ogolnalinia2-3.png 800w, https:\/\/sprawapowszechna.org\/wp-content\/uploads\/2024\/12\/ogolnalinia2-3-300x300.png 300w, https:\/\/sprawapowszechna.org\/wp-content\/uploads\/2024\/12\/ogolnalinia2-3-150x150.png 150w, https:\/\/sprawapowszechna.org\/wp-content\/uploads\/2024\/12\/ogolnalinia2-3-768x769.png 768w\" sizes=\"(max-width: 800px) 100vw, 800px\" \/><\/figure>\n\n\n\n<p class=\"has-text-align-right has-normal-font-size\"><strong>Akcja Antyimperialistyczna<\/strong><\/p>\n\n\n\n<p class=\"has-text-align-right has-small-font-size\"><strong>Grudzie\u0144 2024 r.<\/strong><\/p>\n\n\n\n<p><\/p>\n","protected":false},"excerpt":{"rendered":"<p>Prezentujemy do wiadomo\u015bci publicznej tre\u015b\u0107 og\u00f3lnej linii politycznej Akcji Antyimperialistycznej: Akcja Antyimperialistyczna Grudzie\u0144 2024 r.<\/p>\n","protected":false},"author":1,"featured_media":492,"comment_status":"closed","ping_status":"open","sticky":false,"template":"","format":"standard","meta":{"footnotes":""},"categories":[10],"tags":[],"class_list":["post-491","post","type-post","status-publish","format-standard","has-post-thumbnail","hentry","category-oswiadczenie"],"_links":{"self":[{"href":"https:\/\/sprawapowszechna.org\/index.php?rest_route=\/wp\/v2\/posts\/491","targetHints":{"allow":["GET"]}}],"collection":[{"href":"https:\/\/sprawapowszechna.org\/index.php?rest_route=\/wp\/v2\/posts"}],"about":[{"href":"https:\/\/sprawapowszechna.org\/index.php?rest_route=\/wp\/v2\/types\/post"}],"author":[{"embeddable":true,"href":"https:\/\/sprawapowszechna.org\/index.php?rest_route=\/wp\/v2\/users\/1"}],"replies":[{"embeddable":true,"href":"https:\/\/sprawapowszechna.org\/index.php?rest_route=%2Fwp%2Fv2%2Fcomments&post=491"}],"version-history":[{"count":4,"href":"https:\/\/sprawapowszechna.org\/index.php?rest_route=\/wp\/v2\/posts\/491\/revisions"}],"predecessor-version":[{"id":1283,"href":"https:\/\/sprawapowszechna.org\/index.php?rest_route=\/wp\/v2\/posts\/491\/revisions\/1283"}],"wp:featuredmedia":[{"embeddable":true,"href":"https:\/\/sprawapowszechna.org\/index.php?rest_route=\/wp\/v2\/media\/492"}],"wp:attachment":[{"href":"https:\/\/sprawapowszechna.org\/index.php?rest_route=%2Fwp%2Fv2%2Fmedia&parent=491"}],"wp:term":[{"taxonomy":"category","embeddable":true,"href":"https:\/\/sprawapowszechna.org\/index.php?rest_route=%2Fwp%2Fv2%2Fcategories&post=491"},{"taxonomy":"post_tag","embeddable":true,"href":"https:\/\/sprawapowszechna.org\/index.php?rest_route=%2Fwp%2Fv2%2Ftags&post=491"}],"curies":[{"name":"wp","href":"https:\/\/api.w.org\/{rel}","templated":true}]}}