{"id":344,"date":"2024-11-02T22:39:20","date_gmt":"2024-11-02T22:39:20","guid":{"rendered":"https:\/\/sprawapowszechna.org\/?p=344"},"modified":"2024-11-03T15:24:47","modified_gmt":"2024-11-03T15:24:47","slug":"ku-pamieci-poleglych-w-obronie-praw-zywych","status":"publish","type":"post","link":"https:\/\/sprawapowszechna.org\/?p=344","title":{"rendered":"Ku pami\u0119ci poleg\u0142ych, w Obronie praw \u017cywych"},"content":{"rendered":"\n<p>1 Listopada obchodzili\u015bmy \u015awi\u0119to Zmar\u0142ych, pami\u0119taj\u0105c o naszych rodzinach, przodkach, przyjacio\u0142ach, autorytetach.<\/p>\n\n\n\n<p>W tym roku po raz trzeci dzia\u0142o si\u0119 to w cieniu zbrodni dokonywanych na granicy. Jak podkre\u015blali\u015bmy w naszym lipcowym <a href=\"https:\/\/sprawapowszechna.org\/?p=27\">artykule<\/a>, tzw. \u201ckryzys migracyjny\u201d nazywany elementem \u201cwojny hybrydowej\u201d jest w rzeczywisto\u015bci zbrodni\u0105, przeciw ludno\u015bci uchod\u017aczej wywo\u0142an\u0105 na wsp\u00f3\u0142 przez re\u017cim bia\u0142oruski z \u015bwiadomymi dzia\u0142aniami rz\u0105du polskiego zmierzaj\u0105cymi ku jego pogorszenia. Dzia\u0142ania podejmowane w celu jego \u201copanowania\u201d ograniczj\u0105 si\u0119 do zaprzecze\u0144 warto\u015bci demokracji bur\u017cuazyjnej \u2013 zamaskowanych w retoryk\u0119 jej obrony, przed wrogiem zewn\u0119trznym.<\/p>\n\n\n\n<p>W pocz\u0105tkowych fazach 2021 roku, mieli\u015bmy do czynienia z wst\u0119pn\u0105 militaryzacj\u0105 granicy, z czasem zamykaniem legalnych punkt\u00f3w ruchu osobowego na przej\u015bciach granicznych i odbieraniem praw oraz represjami wobec grup staraj\u0105cych si\u0119 \u0142agodzi\u0107 efekty krzyzysu nios\u0105c pomoc humanitarn\u0105 i prawn\u0105.<\/p>\n\n\n\n<p>Jednak tym co obecnie wyr\u00f3\u017cnia sytuacj\u0119 na granicy od poprzednich lat, jest radykalny krok w stron\u0119 faszyzacji ustroju politycznego dokonany 15 Pa\u017adziernika 2024r. &#8211; r\u00f3wno rok po ostatnich wyborach parlamentarnych. Dokonany w ramach strategii migracyjnej przyjet\u0119j na lata 2025-2030. W ramach tej\u017ce strategii rz\u0105d przyj\u0105\u0142 jako narz\u0119dzie opanowania kryzysu mo\u017cliwo\u015b\u0107 \u201cczasowego i terytorialnego\u201d zawieszenia prawa do sk\u0142adania wniosk\u00f3w o azyl, w rzeczywisto\u015bci otwieraj\u0105c furtk\u0119 do mo\u017cliwo\u015bci zawieszania dowolnych praw konstytucyjnych w dowolnej formie i zakresie.<\/p>\n\n\n\n<p>Jedynym s\u0142usznym dzia\u0142aniem wobec zaostrzenia kryzysu jest walka w obronie fundamentalnych praw, kt\u00f3re zosta\u0142y wypowiedziane. Przez brutalno\u015b\u0107 zbrodniczych dzia\u0142a\u0144, kt\u00f3re trwaj\u0105 od lata 2021 roku po obu stronach granicy EU \u2013 Bia\u0142oru\u015b zgin\u0119\u0142o co najmniej 126 os\u00f3b, w tym minimum 87 na granicy polsko-bia\u0142oruskiej.<\/p>\n\n\n\n<p>W walce o ich pami\u0119\u0107, prawa i w obronie \u017cycia tych, kt\u00f3rzy przerzucani s\u0105 przez uzbrojone s\u0142u\u017cby wszystkich pa\u0144stw nakr\u0119caj\u0105cych t\u0105 tragedi\u0119 &#8211; 27 Pa\u017adziernika o 13:00 odby\u0142y si\u0119 jednocze\u015bnie protesty w Krakowie, Toruniu, Warszawie i Katowicach \u2013 dwa pierwsze wsp\u00f3\u0142organizowane przez Akcj\u0119 Antyimperialistyczn\u0105, w kt\u00f3rych obna\u017cano charakter trwaj\u0105cych zbrodni min. przed biurami terytorialnymi rz\u0105dz\u0105cej Platformy Obywatelskiej. Mobilizacje w tych miastach zgromadzi\u0142y od kilkunastu do setek uczestnik\u00f3w.<\/p>\n\n\n\n<figure class=\"wp-block-image size-large is-resized\"><img fetchpriority=\"high\" decoding=\"async\" width=\"870\" height=\"571\" src=\"https:\/\/sprawapowszechna.org\/wp-content\/uploads\/2024\/11\/Screenshot_2024-11-02_18-06-45-1.png\" alt=\"\" class=\"wp-image-354\" style=\"width:591px;height:auto\" srcset=\"https:\/\/sprawapowszechna.org\/wp-content\/uploads\/2024\/11\/Screenshot_2024-11-02_18-06-45-1.png 870w, https:\/\/sprawapowszechna.org\/wp-content\/uploads\/2024\/11\/Screenshot_2024-11-02_18-06-45-1-300x197.png 300w, https:\/\/sprawapowszechna.org\/wp-content\/uploads\/2024\/11\/Screenshot_2024-11-02_18-06-45-1-768x504.png 768w\" sizes=\"(max-width: 870px) 100vw, 870px\" \/><\/figure>\n\n\n\n<figure class=\"wp-block-image size-large is-resized\"><img decoding=\"async\" width=\"733\" height=\"490\" src=\"https:\/\/sprawapowszechna.org\/wp-content\/uploads\/2024\/11\/Screenshot_2024-11-02_18-04-38.png\" alt=\"\" class=\"wp-image-352\" style=\"width:593px;height:auto\" srcset=\"https:\/\/sprawapowszechna.org\/wp-content\/uploads\/2024\/11\/Screenshot_2024-11-02_18-04-38.png 733w, https:\/\/sprawapowszechna.org\/wp-content\/uploads\/2024\/11\/Screenshot_2024-11-02_18-04-38-300x201.png 300w\" sizes=\"(max-width: 733px) 100vw, 733px\" \/><\/figure>\n\n\n\n<p>27 X stanowi\u0142 dodatkowo symboliczn\u0105 dat\u0119, gdy\u017c w\u0142a\u015bnie wtedy w 1938 roku w reakcji na nazistowskie \u2019Polenaktion\u2019 utworzono ob\u00f3z w Zb\u0105szyniu, gdzie rz\u0105d sanacyjny przetrzymywa\u0142 \u017byd\u00f3w z obywatelstwem polskim deportowanych z III Rzeszy, pr\u00f3buj\u0105c odm\u00f3wi\u0107 im prawa do azylu. Tragedii masowego zag\u0142odzenia 17 tysi\u0119cy \u017cydowskich uchod\u017ac\u00f3w unikn\u0119\u0142o dzi\u0119ki mobilizacji mas pracuj\u0105cych w wielu polskich miastach, kt\u00f3rzy w koordynacji z \u017cydowskimi robotniczymi dzia\u0142aczami Jointu i Bundu dostarczali zapas\u00f3w do oboz\u00f3w oraz wymusili uwolnienie i rozlokowanie uchod\u017ac\u00f3w z tymczasowych oboz\u00f3w.<\/p>\n\n\n\n<p class=\"has-medium-font-size\">Znaczenie &#8222;strategii&#8221;<\/p>\n\n\n\n<p>Przyjmuj\u0105c \u2018strategi\u0119 migracyjn\u0105\u2019 jako de-facto prawo 15 X 2024 roku, dokonano w Polsce najwi\u0119kszego zamachu na porz\u0105dek prawny w historii 3 RP, nie pr\u00f3buj\u0105c nawet tuszowa\u0107 wy\u017cszo\u015bci strategii frakcji bur\u017cuazji biurokratycznej b\u0119d\u0105cej u w\u0142adzy ponad litery prawa zawarte w Art. 56 Konstytucji, Konwencji Genewskiej, Powszechnej Deklaracji Praw Cz\u0142owieka i Karcie Praw Podstawowych Unii Europejskiej \u2013 strategia demokratycznej dyktatury kapita\u0142u uzna\u0142a, \u017ce poza w\u0142adz\u0105 nie potrzeba ju\u017c tworzy\u0107 iluzji.<\/p>\n\n\n\n<p>To wszystko dzieje si\u0119 w tragi-komicznym kontinuum, gdzie od 2015-2023 roku frakcja klas rz\u0105dz\u0105cych PiSu demontuj\u0105c wiele z fundamentalnych praw zawartch w porz\u0105dku 3 RP stosowa\u0142a r\u00f3\u017cne retoryczne i quasi-prawne zabiegi, tuszuj\u0105c niezdarnie ich demonta\u017c. Za te zabiegi by\u0142a ona s\u0142usznie krytykowana,przez frakcj\u0119 PO, kt\u00f3ra to jednak dzia\u0142a\u0142a w retoryce obrony demokracji, graj\u0105c tak naprawd\u0119 do jednej bramki &#8211; umocnienia zacisku klas rz\u0105dz\u0105cych nad aparatem pa\u0144stwowym, pe\u0142ni\u0105c jedynie dodatkow\u0105 rol\u0119 uzurpatora ruchu masowego powsta\u0142ego w reakcji na zamachy wobec praw kobiet i instrumentalizacji s\u0105downictwa.<\/p>\n\n\n\n<p>Zrozumienie tego kontinuum i natury faszyzmu jako zaprzeczenia demokratyczno-bur\u017cuazyjnych warto\u015bci zrodzonych w czasach o\u015bwiecenia i rewolucji francuskiej, kt\u00f3rymi poza parlamentaryzmem s\u0105 porz\u0105dek prawny i r\u00f3wno\u015b\u0107 wobec jego zapis\u00f3w, jest absolutnie kluczowe dla odbudowy ruchu masowego powsta\u0142ego w ramach protest\u00f3w strajku kobiet na pozycji \u015bwiadomej klasowo, kt\u00f3ry w obronie swoich praw b\u0119dzie w stanie oprze\u0107 si\u0119 uzurpowaniu ze stron frakcji bur\u017cuazji. Sam faszyzm post\u0119puje wi\u0119c w zaprzeczeniu warto\u015bci na kt\u00f3rych powsta\u0142o pa\u0144stwo kt\u00f3rego relacji klasowych broni i stara si\u0119 umacnia\u0107 dyktatur\u0119 kapita\u0142u.<\/p>\n\n\n\n<p>Po ponad 3 latach od rozpocz\u0119cia kryzysu na granicy, jego zacie\u015bnienie przynosi nam lokalnie najbardziej klarowny przyk\u0142ad w jaki spos\u00f3b system imperialistyczny coraz gwa\u0142towniej gnije w cieniu swoich w\u0142asnych sprzeczno\u015bci. Bezapelacyjnie najwa\u017cniejszym czynnikiem dla powstania fali migracyjnej, zmierzaj\u0105cej do kraj\u00f3w Unii Europejskiej od 2015 roku, s\u0105 grabie\u017ccze wojny imperialistyczne Bliskiego Wschodu, rozp\u0119tane tudzie\u017c przed\u0142u\u017cane g\u0142\u00f3wnie przez imperium USA z wsp\u00f3\u0142udzia\u0142em imperialist\u00f3w europejskich, oraz ochoczym udzia\u0142em ich polskich lokaj\u00f3w. Spojrzenie na statystyki stra\u017cy granicznej co do kraj\u00f3w pochodzenia uchod\u017ac\u00f3w udowadnia zar\u00f3wno ten fakt, jak i w przypadku statystyk ilo\u015bciowych r\u00f3wnie\u017c to \u017ce niewa\u017cne, przez jaki mno\u017cnik pomno\u017cymy wszystkie pr\u00f3by nielegalnego przekroczenia granicy \u2013 nie mamy w Polsce do czynienia z kryzysem uchod\u017aczym nawet w po\u0142owie tak ogromnym jak ten powsta\u0142y w nast\u0119pstwie inwazji Rosji na Ukrain\u0119.<\/p>\n\n\n\n<p>Podczas, gdy uchod\u017acy ukrai\u0144scy w 2022 roku i bia\u0142oruscy w 2020 roku, zostali przyj\u0119ci relatywnie bezproblemowo, Polska i wiele imperialistycznych pa\u0144stw w Unii (min. Niemcy) wyra\u017ca obaw\u0119, przed przyjmowaniem uchod\u017ac\u00f3w b\u0119d\u0105cych ofiar ich dzia\u0142a\u0144 na bliskim wschodzie. Wp\u0142yw\u00f3w niemieckiego imperializmu mo\u017cna tym bardziej wyszukiwa\u0107 w fakcie dokonania radykalnego skr\u0119tu ku faszyzacji pa\u0144stwa, w bezpo\u015brednim nast\u0119pstwie wznowienia kontroli granicznych na ca\u0142ej d\u0142ugo\u015bci niemieckiej granicy wewn\u0105trz strefy Schengen. Nie bez powodu, wi\u0119c intuicyjna \u015bwiadomo\u015b\u0107 klasowa polskiego pracownika zr\u00f3wnuj\u0105cego Tuska i frakcj\u0119 PO z biukratami-lokajami Niemiec znajduje tu swoje urzeczywistnienie. Jeste\u015bmy, wi\u0119c \u015bwiadkami celowej obrony swojej pozycji u w\u0142adzy, przez rzesze imperialist\u00f3w europejskich, przed nap\u0142ywem ludno\u015bci u\u015bwiadomionej o charakterze ich w\u0142adzy, poprzez krew ich w\u0142asnych spo\u0142eczno\u015bci kt\u00f3r\u0105 zostali skompani w nast\u0119pstwie imperialnych wojen grabie\u017cczych i\/lub wojen domowych o wp\u0142ywy nad nimi. Ta obrona, przed ludno\u015bci\u0105 u\u015bwiadomion\u0105 wobec natury, ich w\u0142adzy rozgrywana jest u\u017cywaj\u0105c demonta\u017c porz\u0105dku prawnego w krajach bezpo\u015bredniej peryferii takich jak Polska.<\/p>\n\n\n\n<p>Imperializm jako \u015bwiatowy system chyl\u0105cy si\u0119 ku upadkowi stara si\u0119 dzi\u015b manipulowa\u0107 nami przeciw ludno\u015bci, kt\u00f3ra stanowi dla nas sojusznik\u00f3w wobec jego wyzysku. Musimy jednak mie\u0107 na uwadze, \u017ce wraz z post\u0119pem walki ludno\u015bci opresjonowanych, zasoby taniej si\u0142y roboczej kurcz\u0105 si\u0119, a potrzeba osi\u0105gania coraz wi\u0119kszych zysk\u00f3w wobec spadaj\u0105cej ich stopy nie ustaje. Musimy zrozumie\u0107, \u017ce gdy dzi\u015b negacja praw konstytucyjnych dotyka uchod\u017ac\u00f3w \u2013 jutro mo\u017ce dotkn\u0105\u0107 Nas czy to przy prawie do protestu, strajku, wolno\u015bci s\u0142owa lub w\u0142a\u015bnie przy prawie do azylu, gdy w\u0142adcy tego \u015bwiata zdecyduj\u0105 si\u0119 na nowo podzieli\u0107 planet\u0119 na polu bitwy wewn\u0105trz naszego miasta, osiedla i domu.<\/p>\n\n\n\n<p class=\"has-normal-font-size\"><br>W pami\u0119ci poleg\u0142ym na granicy polsko-bia\u0142oruskiej, w wojnach napastniczych na Bliskim Wschodzie i ca\u0142ym \u015bwiecie oraz ofiarom ludob\u00f3jstwa w Palestynie!<\/p>\n\n\n\n<p class=\"has-small-font-size\">\u0179r\u00f3d\u0142a: <\/p>\n\n\n\n<p class=\"has-small-font-size\">1) <a href=\"https:\/\/sprawapowszechna.org\/?p=27\">https:\/\/sprawapowszechna.org\/?p=27<\/a><\/p>\n\n\n\n<p class=\"has-small-font-size\">2) <a href=\"https:\/\/tvn24.pl\/polska\/odzyskac-kontrole-zapewnic-bezpieczenstwo-premier-o-strategii-migracyjnej-polski-st8132214\">https:\/\/tvn24.pl\/polska\/odzyskac-kontrole-zapewnic-bezpieczenstwo-premier-o-strategii-migracyjnej-polski-st8132214<\/a><\/p>\n\n\n\n<p class=\"has-small-font-size\">3) <a href=\"https:\/\/www.dw.com\/pl\/niemcy-ruszaj%C4%85-kontrole-na-wszystkich-granicach\/a-70222781\">https:\/\/www.dw.com\/pl\/niemcy-ruszaj%C4%85-kontrole-na-wszystkich-granicach\/a-70222781<\/a><\/p>\n\n\n\n<p class=\"has-small-font-size\">4) <a href=\"https:\/\/bialystok.wyborcza.pl\/bialystok\/7,35241,31152527,126-smierci-na-granicy-ue-z-bialorusia-raport-fundacji-ocalenie.html\">https:\/\/bialystok.wyborcza.pl\/bialystok\/7,35241,31152527,126-smierci-na-granicy-ue-z-bialorusia-raport-fundacji-ocalenie.html<\/a><\/p>\n\n\n\n<p class=\"has-small-font-size\">5) <a href=\"https:\/\/wearemonitoring.org.pl\/lista-zmarlych\/\">https:\/\/wearemonitoring.org.pl\/lista-zmarlych\/<\/a><\/p>\n\n\n\n<p class=\"has-small-font-size\">6) <a href=\"https:\/\/www.instagram.com\/p\/DBlKLruuUIF\/?img_index=1\">https:\/\/www.instagram.com\/p\/DBlKLruuUIF\/?img_index=1<\/a><\/p>\n\n\n\n<p><\/p>\n","protected":false},"excerpt":{"rendered":"<p>1 Listopada obchodzili\u015bmy \u015awi\u0119to Zmar\u0142ych, pami\u0119taj\u0105c o naszych rodzinach, przodkach, przyjacio\u0142ach, autorytetach. W tym roku po raz trzeci dzia\u0142o si\u0119 to w cieniu zbrodni dokonywanych na granicy. Jak podkre\u015blali\u015bmy w naszym lipcowym artykule, tzw. \u201ckryzys migracyjny\u201d nazywany elementem \u201cwojny hybrydowej\u201d jest w rzeczywisto\u015bci zbrodni\u0105, przeciw ludno\u015bci uchod\u017aczej wywo\u0142an\u0105 na wsp\u00f3\u0142 przez re\u017cim bia\u0142oruski z \u015bwiadomymi&#8230;<\/p>\n","protected":false},"author":1,"featured_media":361,"comment_status":"open","ping_status":"open","sticky":false,"template":"","format":"standard","meta":{"footnotes":""},"categories":[3],"tags":[],"class_list":["post-344","post","type-post","status-publish","format-standard","has-post-thumbnail","hentry","category-artykul"],"_links":{"self":[{"href":"https:\/\/sprawapowszechna.org\/index.php?rest_route=\/wp\/v2\/posts\/344","targetHints":{"allow":["GET"]}}],"collection":[{"href":"https:\/\/sprawapowszechna.org\/index.php?rest_route=\/wp\/v2\/posts"}],"about":[{"href":"https:\/\/sprawapowszechna.org\/index.php?rest_route=\/wp\/v2\/types\/post"}],"author":[{"embeddable":true,"href":"https:\/\/sprawapowszechna.org\/index.php?rest_route=\/wp\/v2\/users\/1"}],"replies":[{"embeddable":true,"href":"https:\/\/sprawapowszechna.org\/index.php?rest_route=%2Fwp%2Fv2%2Fcomments&post=344"}],"version-history":[{"count":5,"href":"https:\/\/sprawapowszechna.org\/index.php?rest_route=\/wp\/v2\/posts\/344\/revisions"}],"predecessor-version":[{"id":370,"href":"https:\/\/sprawapowszechna.org\/index.php?rest_route=\/wp\/v2\/posts\/344\/revisions\/370"}],"wp:featuredmedia":[{"embeddable":true,"href":"https:\/\/sprawapowszechna.org\/index.php?rest_route=\/wp\/v2\/media\/361"}],"wp:attachment":[{"href":"https:\/\/sprawapowszechna.org\/index.php?rest_route=%2Fwp%2Fv2%2Fmedia&parent=344"}],"wp:term":[{"taxonomy":"category","embeddable":true,"href":"https:\/\/sprawapowszechna.org\/index.php?rest_route=%2Fwp%2Fv2%2Fcategories&post=344"},{"taxonomy":"post_tag","embeddable":true,"href":"https:\/\/sprawapowszechna.org\/index.php?rest_route=%2Fwp%2Fv2%2Ftags&post=344"}],"curies":[{"name":"wp","href":"https:\/\/api.w.org\/{rel}","templated":true}]}}