{"id":270,"date":"2024-10-14T23:39:32","date_gmt":"2024-10-14T23:39:32","guid":{"rendered":"https:\/\/sprawapowszechna.org\/?p=270"},"modified":"2024-10-15T22:34:22","modified_gmt":"2024-10-15T22:34:22","slug":"akcja-antyimperialistyczna-prezentacje-na-temat-walk-klasowych-na-swiecie","status":"publish","type":"post","link":"https:\/\/sprawapowszechna.org\/?p=270","title":{"rendered":"Tydzie\u0144 pe\u0142en wsparcia dla Palestyny !"},"content":{"rendered":"\n<p>07 Pa\u017adziernika 2024, min\u0105\u0142 rok od operacji &#8222;Pow\u00f3d\u017a Al-Aqsa&#8221; przygotowanej przez Pok\u00f3j Wsp\u00f3lnych Operacji Palesty\u0144skich Frakcji Oporu, kt\u00f3ra wstrz\u0119sn\u0119\u0142a zar\u00f3wno mitem izraelskiej pot\u0119gi w regionie jak i interesami jej imperialistycznych kurator\u00f3w na czele ze Stanami Zjednoczonymi.<\/p>\n\n\n\n<p>Zbrodniczy re\u017cim syjonistyczny w swojej odpowiedzi od ponad roku dokonuje bezprecedensowych atak\u00f3w na ludno\u015b\u0107 cywiln\u0105 ca\u0142ego regionu, w szczeg\u00f3lno\u015bci na Stref\u0119 Gazy gdzie pod pretekstem operacji wojskowych przeciw Hamasowi podejmuje si\u0119 kampani ludob\u00f3jstwa na jak najszerszych masach enklawy. Pami\u0119taj\u0105c t\u0105 rocznic\u0119 w ka\u017cdym zak\u0105tku Polski odby\u0142y si\u0119 szeroko zakrojone akcje demonstracyjne, kulturalne i edukacyjne w solidarno\u015bci z Palestyn\u0105 i jej heroicznym oporem.<\/p>\n\n\n\n<p>Poni\u017cej zamieszczamy mobilizacje z okresu 05\/10 &#8211; 12\/10, kt\u00f3re pokrywaj\u0105 si\u0119 w czasie z akcjami milion\u00f3w ludzi na ca\u0142ym \u015bwiecie oraz Mi\u0119dzynarodow\u0105 Kampani\u0105 dla Wsparcia Palestyny (07\/10-21\/10) do kt\u00f3rej wzywa <a href=\"https:\/\/ail-red.com\/palestine-is-our-cause-together-we-will-win\/\">Liga Antyimperialistyczna<\/a>.<\/p>\n\n\n\n<p class=\"has-medium-font-size\"><strong>05\/10<\/strong><\/p>\n\n\n\n<p>W Warszawie, \u0141odzi, Poznaniu, Krakowie, Wroc\u0142awiu, Gda\u0144sku i Bielsku-Bia\u0142ej odby\u0142a si\u0119 skoordynowana seria demonstracji pod has\u0142em &#8222;Zatrzyma\u0107 izraelsk\u0105 machin\u0119 \u015bmierci&#8221;.<\/p>\n\n\n\n<p>Zdj\u0119cia pochodz\u0105 z demonstracji w Krakowie, Wroc\u0142awiu i Poznaniu, zdj\u0119cie tytu\u0142owe z Warszawy.<\/p>\n\n\n\n<figure class=\"wp-block-gallery has-nested-images columns-default is-cropped wp-block-gallery-1 is-layout-flex wp-block-gallery-is-layout-flex\">\n<figure class=\"wp-block-image size-large\"><img fetchpriority=\"high\" decoding=\"async\" width=\"952\" height=\"513\" data-id=\"281\" src=\"https:\/\/sprawapowszechna.org\/wp-content\/uploads\/2024\/10\/0510Krk.png\" alt=\"\" class=\"wp-image-281\" srcset=\"https:\/\/sprawapowszechna.org\/wp-content\/uploads\/2024\/10\/0510Krk.png 952w, https:\/\/sprawapowszechna.org\/wp-content\/uploads\/2024\/10\/0510Krk-300x162.png 300w, https:\/\/sprawapowszechna.org\/wp-content\/uploads\/2024\/10\/0510Krk-768x414.png 768w\" sizes=\"(max-width: 952px) 100vw, 952px\" \/><\/figure>\n<\/figure>\n\n\n\n<figure class=\"wp-block-image size-full\"><img decoding=\"async\" width=\"528\" height=\"399\" src=\"https:\/\/sprawapowszechna.org\/wp-content\/uploads\/2024\/10\/0510Wro.png\" alt=\"\" class=\"wp-image-285\" srcset=\"https:\/\/sprawapowszechna.org\/wp-content\/uploads\/2024\/10\/0510Wro.png 528w, https:\/\/sprawapowszechna.org\/wp-content\/uploads\/2024\/10\/0510Wro-300x227.png 300w\" sizes=\"(max-width: 528px) 100vw, 528px\" \/><\/figure>\n\n\n\n<figure class=\"wp-block-image size-full\"><img decoding=\"async\" width=\"588\" height=\"583\" src=\"https:\/\/sprawapowszechna.org\/wp-content\/uploads\/2024\/10\/0510Poz.png\" alt=\"\" class=\"wp-image-312\" srcset=\"https:\/\/sprawapowszechna.org\/wp-content\/uploads\/2024\/10\/0510Poz.png 588w, https:\/\/sprawapowszechna.org\/wp-content\/uploads\/2024\/10\/0510Poz-300x297.png 300w, https:\/\/sprawapowszechna.org\/wp-content\/uploads\/2024\/10\/0510Poz-150x150.png 150w\" sizes=\"(max-width: 588px) 100vw, 588px\" \/><\/figure>\n\n\n\n<p class=\"has-medium-font-size\"><strong>07\/10<\/strong><\/p>\n\n\n\n<p> Katowice &#8211; zorganizowany przez Kato Dla Palestyny protest na terenie Uniwersytetu \u015al\u0105skiego.<\/p>\n\n\n\n<figure class=\"wp-block-image size-full\"><img loading=\"lazy\" decoding=\"async\" width=\"560\" height=\"536\" src=\"https:\/\/sprawapowszechna.org\/wp-content\/uploads\/2024\/10\/0710Kato.png\" alt=\"\" class=\"wp-image-289\" srcset=\"https:\/\/sprawapowszechna.org\/wp-content\/uploads\/2024\/10\/0710Kato.png 560w, https:\/\/sprawapowszechna.org\/wp-content\/uploads\/2024\/10\/0710Kato-300x287.png 300w\" sizes=\"(max-width: 560px) 100vw, 560px\" \/><\/figure>\n\n\n\n<p>Pozna\u0144<a href=\"https:\/\/epoznan.pl\/news-news-155585-queery_dla_palestyny_na_transparentach_w_poznaniu\"> <\/a>&#8211; Bannery <a href=\"https:\/\/epoznan.pl\/news-news-155585-queery_dla_palestyny_na_transparentach_w_poznaniu\">rozwieszone<\/a> na terenie miasta z wyrazami wspracia dla sprawy palesty\u0144skiej.<\/p>\n\n\n\n<figure class=\"wp-block-image size-full is-resized\"><img loading=\"lazy\" decoding=\"async\" width=\"916\" height=\"502\" src=\"https:\/\/sprawapowszechna.org\/wp-content\/uploads\/2024\/10\/0710Poz.jpg\" alt=\"\" class=\"wp-image-293\" style=\"width:619px;height:auto\" srcset=\"https:\/\/sprawapowszechna.org\/wp-content\/uploads\/2024\/10\/0710Poz.jpg 916w, https:\/\/sprawapowszechna.org\/wp-content\/uploads\/2024\/10\/0710Poz-300x164.jpg 300w, https:\/\/sprawapowszechna.org\/wp-content\/uploads\/2024\/10\/0710Poz-768x421.jpg 768w\" sizes=\"(max-width: 916px) 100vw, 916px\" \/><\/figure>\n\n\n\n<figure class=\"wp-block-image size-large is-resized\"><img loading=\"lazy\" decoding=\"async\" width=\"1024\" height=\"768\" src=\"https:\/\/sprawapowszechna.org\/wp-content\/uploads\/2024\/10\/0710Poz2-1024x768.jpg\" alt=\"\" class=\"wp-image-294\" style=\"width:581px;height:auto\" srcset=\"https:\/\/sprawapowszechna.org\/wp-content\/uploads\/2024\/10\/0710Poz2-1024x768.jpg 1024w, https:\/\/sprawapowszechna.org\/wp-content\/uploads\/2024\/10\/0710Poz2-300x225.jpg 300w, https:\/\/sprawapowszechna.org\/wp-content\/uploads\/2024\/10\/0710Poz2-768x576.jpg 768w, https:\/\/sprawapowszechna.org\/wp-content\/uploads\/2024\/10\/0710Poz2.jpg 1280w\" sizes=\"(max-width: 1024px) 100vw, 1024px\" \/><\/figure>\n\n\n\n<p class=\"has-medium-font-size\"><strong>09\/10<\/strong><\/p>\n\n\n\n<p>Gda\u0144sk &#8211; W Kino Kameralne Cafe, zorganizowano pokaz film\u00f3w palesty\u0144skich w re\u017cyserii Mohammeda Almughanniego, wraz z rozmow\u0105 z jego przyjacielem Izzatem Sbakhi.<\/p>\n\n\n\n<figure class=\"wp-block-image size-full is-resized\"><img loading=\"lazy\" decoding=\"async\" width=\"469\" height=\"585\" src=\"https:\/\/sprawapowszechna.org\/wp-content\/uploads\/2024\/10\/0910Gda.png\" alt=\"\" class=\"wp-image-300\" style=\"width:390px;height:auto\" srcset=\"https:\/\/sprawapowszechna.org\/wp-content\/uploads\/2024\/10\/0910Gda.png 469w, https:\/\/sprawapowszechna.org\/wp-content\/uploads\/2024\/10\/0910Gda-241x300.png 241w\" sizes=\"(max-width: 469px) 100vw, 469px\" \/><\/figure>\n\n\n\n<p class=\"has-medium-font-size\"><strong>12\/10<\/strong><\/p>\n\n\n\n<p>Krak\u00f3w &#8211; Na terenie Okupowanego Collegium Broscanium Uniwersytetu Jagiello\u0144skiego, miejsce mia\u0142 ostatni blok wyk\u0142ad\u00f3w przed zawieszeniem akcji protestacyjnej &#8211; zorganizowany przez Akcj\u0119 Antyimperialistyczn\u0105.<\/p>\n\n\n\n<p>Pierwszy z wyk\u0142ad\u00f3w przybli\u017cy\u0142 \u017cyci\u0119, op\u00f3r i kampani\u0119 o wyzwolenie najd\u0142u\u017cej represjenowanego w Europie wi\u0119\u017ania politycznego i bojownika oporu palesty\u0144skiego Georgesa Abdallaha, przeprowadzono sens filmu &#8222;Fedayee, Georges Aballah&#8217;s fight&#8221;. Drugi panel opisa\u0142 histori\u0119 i wsp\u00f3\u0142czesno\u015b\u0107 walki o ziemi\u0119 w Brazylii oraz rol\u0119 Ligi Biednych Ch\u0142op\u00f3w (LCP) dla rewolucji agrarnej.<\/p>\n\n\n\n<figure class=\"wp-block-image size-large is-resized\"><img loading=\"lazy\" decoding=\"async\" width=\"1024\" height=\"768\" src=\"https:\/\/sprawapowszechna.org\/wp-content\/uploads\/2024\/10\/SAM_6836-1024x768.jpg\" alt=\"\" class=\"wp-image-274\" style=\"width:647px;height:auto\" srcset=\"https:\/\/sprawapowszechna.org\/wp-content\/uploads\/2024\/10\/SAM_6836-1024x768.jpg 1024w, https:\/\/sprawapowszechna.org\/wp-content\/uploads\/2024\/10\/SAM_6836-300x225.jpg 300w, https:\/\/sprawapowszechna.org\/wp-content\/uploads\/2024\/10\/SAM_6836-768x576.jpg 768w, https:\/\/sprawapowszechna.org\/wp-content\/uploads\/2024\/10\/SAM_6836-1536x1152.jpg 1536w, https:\/\/sprawapowszechna.org\/wp-content\/uploads\/2024\/10\/SAM_6836-2048x1536.jpg 2048w\" sizes=\"(max-width: 1024px) 100vw, 1024px\" \/><\/figure>\n\n\n\n<p><\/p>\n","protected":false},"excerpt":{"rendered":"<p>07 Pa\u017adziernika 2024, min\u0105\u0142 rok od operacji &#8222;Pow\u00f3d\u017a Al-Aqsa&#8221; przygotowanej przez Pok\u00f3j Wsp\u00f3lnych Operacji Palesty\u0144skich Frakcji Oporu, kt\u00f3ra wstrz\u0119sn\u0119\u0142a zar\u00f3wno mitem izraelskiej pot\u0119gi w regionie jak i interesami jej imperialistycznych kurator\u00f3w na czele ze Stanami Zjednoczonymi. Zbrodniczy re\u017cim syjonistyczny w swojej odpowiedzi od ponad roku dokonuje bezprecedensowych atak\u00f3w na ludno\u015b\u0107 cywiln\u0105 ca\u0142ego regionu, w szczeg\u00f3lno\u015bci&#8230;<\/p>\n","protected":false},"author":1,"featured_media":284,"comment_status":"open","ping_status":"open","sticky":false,"template":"","format":"standard","meta":{"footnotes":""},"categories":[3],"tags":[],"class_list":["post-270","post","type-post","status-publish","format-standard","has-post-thumbnail","hentry","category-artykul"],"_links":{"self":[{"href":"https:\/\/sprawapowszechna.org\/index.php?rest_route=\/wp\/v2\/posts\/270","targetHints":{"allow":["GET"]}}],"collection":[{"href":"https:\/\/sprawapowszechna.org\/index.php?rest_route=\/wp\/v2\/posts"}],"about":[{"href":"https:\/\/sprawapowszechna.org\/index.php?rest_route=\/wp\/v2\/types\/post"}],"author":[{"embeddable":true,"href":"https:\/\/sprawapowszechna.org\/index.php?rest_route=\/wp\/v2\/users\/1"}],"replies":[{"embeddable":true,"href":"https:\/\/sprawapowszechna.org\/index.php?rest_route=%2Fwp%2Fv2%2Fcomments&post=270"}],"version-history":[{"count":5,"href":"https:\/\/sprawapowszechna.org\/index.php?rest_route=\/wp\/v2\/posts\/270\/revisions"}],"predecessor-version":[{"id":326,"href":"https:\/\/sprawapowszechna.org\/index.php?rest_route=\/wp\/v2\/posts\/270\/revisions\/326"}],"wp:featuredmedia":[{"embeddable":true,"href":"https:\/\/sprawapowszechna.org\/index.php?rest_route=\/wp\/v2\/media\/284"}],"wp:attachment":[{"href":"https:\/\/sprawapowszechna.org\/index.php?rest_route=%2Fwp%2Fv2%2Fmedia&parent=270"}],"wp:term":[{"taxonomy":"category","embeddable":true,"href":"https:\/\/sprawapowszechna.org\/index.php?rest_route=%2Fwp%2Fv2%2Fcategories&post=270"},{"taxonomy":"post_tag","embeddable":true,"href":"https:\/\/sprawapowszechna.org\/index.php?rest_route=%2Fwp%2Fv2%2Ftags&post=270"}],"curies":[{"name":"wp","href":"https:\/\/api.w.org\/{rel}","templated":true}]}}