{"id":27,"date":"2024-07-03T19:15:02","date_gmt":"2024-07-03T19:15:02","guid":{"rendered":"https:\/\/sprawapowszechna.org\/?p=27"},"modified":"2026-04-06T19:40:50","modified_gmt":"2026-04-06T19:40:50","slug":"mordercza-polityka-partii-rzadzacych-doprowadza-do-smierci-niewinnych-osob-na-granicy-polsko-bialoruskiej","status":"publish","type":"post","link":"https:\/\/sprawapowszechna.org\/?p=27","title":{"rendered":"Mordercza Polityka Partii Rz\u0105dz\u0105cych Doprowadza Do \u015amierci Niewinnych Os\u00f3b Na Granicy Polsko-Bia\u0142oruskiej"},"content":{"rendered":"\n<p class=\"has-medium-font-size\">28 Maja, na granicy Polsko-Bia\u0142oruskiej polski \u017co\u0142nierz zosta\u0142 zaatakowany no\u017cem przez migranta przekraczaj\u0105cego granic\u0119; zmar\u0142 on 6 czerwca, a 12 czerwca odby\u0142 si\u0119 jego pogrzeb.<\/p>\n\n\n\n<p class=\"has-medium-font-size\">By\u0142a to niepotrzebna \u015bmier\u0107 zaledwie 21-letniego Polaka, kt\u00f3ra zosta\u0142a bezpo\u015brednio spowodowana przez zab\u00f3jcz\u0105 polityk\u0119 partii rz\u0105dz\u0105cych; najpierw PiSu, a obecnie KO.<\/p>\n\n\n\n<p class=\"has-medium-font-size\"><br>Migracja przez Bia\u0142oru\u015b zacz\u0119\u0142a si\u0119 ju\u017c latem 2021 roku, dotykaj\u0105c Polsk\u0119 po raz pierwszy w sierpniu.<\/p>\n\n\n\n<p class=\"has-medium-font-size\">Rz\u0105d \u0141ukaszenki promowa\u0142 loty z Bliskiego Wschodu do Mi\u0144ska jako o wiele prostsz\u0105 metod\u0119 przedostania si\u0119 do Unii Europejskiej ni\u017c chocia\u017cby przeprawa przez Morze \u015ar\u00f3dziemne, podczas kt\u00f3rej co roku gin\u0105 tysi\u0105ce migrant\u00f3w, uciekaj\u0105cych od wojen, konflikt\u00f3w wewn\u0119trzych czy z\u0142ych warunk\u00f3w \u017cycia w ich dotychczasowych miejscach zamieszkania.<\/p>\n\n\n\n<p class=\"has-medium-font-size\">Od rozpocz\u0119cia kryzysu na granicy, u\u015bmiechni\u0119ta opozycja \u201edemokratyczna\u201d krytykowa\u0142a rz\u0105d PiSu za ich podej\u015bcie do zarz\u0105dzania kryzysem.<\/p>\n\n\n\n<p class=\"has-medium-font-size\">Pushbacki migrant\u00f3w przekraczaj\u0105cych granic\u0119 jak i inne metody wypychania migrant\u00f3w z terenu Polski (blokowanie procedur azylowych, niszczenie w\u0142asno\u015bci migrant\u00f3w, z\u0142e warunki w o\u015brodkach detencyjnych) by\u0142y krytykowane mi\u0119dzynarodowo przez adwokat\u00f3w praw cz\u0142owieka, i doprowadzi\u0142y do \u015bmierci wielu migrant\u00f3w.<\/p>\n\n\n\n<p class=\"has-medium-font-size\">Los migrant\u00f3w bywa\u0142 tragiczny; tak jak chocia\u017cby \u015bmier\u0107 przez wyzi\u0119bienie Ibrahema Jabera Ahmeda Dehya w styczniu 2023 roku w Puszczy Bia\u0142owieskiej.<\/p>\n\n\n\n<p class=\"has-medium-font-size\">Podobny los spotyka wiele os\u00f3b; Grupa Granica szacowa\u0142a, \u017ce ponad 600 os\u00f3b zgin\u0119\u0142o na granicy. Tak zwana \u201edemokratyczna opozycja\u201d stan\u0119\u0142a murem za filmem Agnieszki Holland \u201eZielona Granica\u201d, przedstawiaj\u0105cym te wydarzenia na granicy; pomimo typowych dla libera\u0142\u00f3w zagrywek takich jak chocia\u017cby dehumanizacja i uzwierz\u0119cenie Bia\u0142orusin\u00f3w, politycy Zjednoczonej Prawicy nazywali ten film \u201erosyjsk\u0105 propagand\u0105\u201d.<\/p>\n\n\n\n<p class=\"has-medium-font-size\">Raport stworzony przez Amnesty International pokaza\u0142 wyra\u017anie brutalne traktowanie migrant\u00f3w przez Polsk\u0105 Stra\u017c Graniczn\u0105.<\/p>\n\n\n\n<p class=\"has-medium-font-size\">Kryzys na granicy zosta\u0142 wykorzystany jako jeden z g\u0142\u00f3wnych punkt\u00f3w kampanii u\u015bmiechni\u0119tej koalicji, kt\u00f3ra postulowa\u0142a o usuni\u0119cie bariery na granicy polsko-bia\u0142oruskiej, zaprzestanie blokowania pr\u00f3\u015bb o azyl, czy te\u017c zadbanie o legalny spos\u00f3b przyjmowania migrant\u00f3w.<\/p>\n\n\n\n<p class=\"has-medium-font-size\">Aby zdoby\u0107 jak najwi\u0119ksz\u0105 ilo\u015b\u0107 g\u0142os\u00f3w w \u201ewyborach\u201d, partyjne stacje telewizyjne takie jak TVN atakowa\u0142y widz\u00f3w jak najwi\u0119ksz\u0105 ilo\u015bci\u0105 r\u00f3\u017cnorakich skandali, w tym w du\u017cej cz\u0119\u015bci w\u0142a\u015bnie tym skandalem migracyjnym.<\/p>\n\n\n\n<p class=\"has-medium-font-size\">Chocia\u017cby na tak zwanym \u201cMarszu Miliona Serc\u201d, wiele os\u00f3b wypowiadaj\u0105cych si\u0119 porusza\u0142o w\u0142a\u015bnie ten temat.<\/p>\n\n\n\n<p class=\"has-medium-font-size\">W mediach partyjnych, p\u00f3j\u015bcie na \u201ewybory\u201d by\u0142o przedstawiane jako moralny obowi\u0105zek ka\u017cdej osoby, kt\u00f3ra sprzeciwia\u0142a si\u0119 brutalno\u015bci rz\u0105d\u00f3w PiS. Z tego powodu, wiele progresywnych os\u00f3b posz\u0142o zag\u0142osowa\u0107 15 pa\u017adziernika, licz\u0105c na zmian\u0119 sytuacji.<\/p>\n\n\n\n<p class=\"has-medium-font-size\"><br>Wybory zosta\u0142y wygrane przez opozycj\u0119, kt\u00f3re postulowa\u0142y \u201eodbudowania Polski\u201d po \u201edewastacji\u201d jak\u0105 rzekomo przyni\u00f3s\u0142 PiS.<\/p>\n\n\n\n<p class=\"has-medium-font-size\">KO przedstawi\u0142o swoje \u201e100 konkret\u00f3w na 100 dni\u201d, w kt\u00f3rych narracja partyjna zosta\u0142a zmieniona: zamiast pomocy w dramatycznej sytuacji migrant\u00f3w, KO obiecywa\u0142o \u201ewzmocnienie Polskiej granicy\u201d przeciw nielegalnemu przekraczaniu granicy przez \u201ehandlarzy narkotyk\u00f3w\u201d.<\/p>\n\n\n\n<p class=\"has-medium-font-size\">Ta narracja odpowiada narracji Anglo-Niemieckiego imperializmu, kt\u00f3ry od pocz\u0105tku kryzysu nazywa go \u201ewojn\u0105 hybrydow\u0105\u201d prowadzon\u0105 przez rz\u0105d Bia\u0142orusi.<\/p>\n\n\n\n<p class=\"has-medium-font-size\">Ta narracja, zamiast adresowa\u0107 mo\u017cliwo\u015b\u0107 materialnej poprawy \u017cy\u0107 migrant\u00f3w poprzez podr\u00f3\u017c do bogatszych imperialistycznych pa\u0144stw Europy, nastawia populacj\u0119 wrogo do drugiego obozu Russo-Chi\u0144skiego imperializmu, aby u\u0142atwi\u0107 tras\u0119 do kolejnej Wielkiej Wojny Inter-Imperialistycznej, tak jak te z lat 1914-1918 czy 1939-1945.<\/p>\n\n\n\n<p class=\"has-medium-font-size\">Media partyjne KO wyciszy\u0142y ca\u0142\u0105 spraw\u0119, a przez przej\u0119cie TVP przez nowy rz\u0105d, si\u0142y Tuska zdoby\u0142y niemal ca\u0142kowity monopol na narracj\u0119 medialn\u0105 w Polsce.<\/p>\n\n\n\n<p class=\"has-medium-font-size\">I przed, jak i po wyborach, polski rz\u0105d by\u0142 zobowi\u0105zany do szanowania mi\u0119dzynarodowego prawa do azylu, czego nie robi na naszej wschodniej granicy.<\/p>\n\n\n\n<p class=\"has-medium-font-size\">Parlamentarna \u201elewica\u201d ukl\u0119k\u0142a przed swoim nowym niemieckim kr\u00f3lem, r\u00f3wnie\u017c wyciszaj\u0105c narracj\u0119, wchodz\u0105c do rz\u0105du, i zdradzaj\u0105c progresywne osoby g\u0142osuj\u0105ce na nich z nadziej\u0105 poprawy kryzysu.<\/p>\n\n\n\n<p class=\"has-medium-font-size\">Rz\u0105d KO nie zmieni\u0142 polityki granicznej; nie zosta\u0142 u\u0142atwiony spos\u00f3b uzyskania azylu, nie zosta\u0142y poprawione warunki w o\u015brodkach detencyjnych.<\/p>\n\n\n\n<p class=\"has-medium-font-size\">Takie grupy jak Grupa Granica, kt\u00f3re by\u0142y chwalone i popierane przez oPOzycj\u0119 przed wyborami, zosta\u0142y zdradzone przez nowy blok rz\u0105dz\u0105cy, a ich dzia\u0142ania zosta\u0142y zupe\u0142nie wyciszone przez polskie media.<\/p>\n\n\n\n<p class=\"has-medium-font-size\">Nowy rz\u0105d, zamiast znale\u017a\u0107 rozwi\u0105zanie sytuacji, bezpo\u015brednio kontynuowa\u0142 polityk\u0119 graniczn\u0105 PiSu, kt\u00f3r\u0105 dopiero co krytykowa\u0142. W ten spos\u00f3b, dochodzimy do dzisiejszej sytuacji: czyli \u015bmier\u0107 polskiego \u017co\u0142nierza.<\/p>\n\n\n\n<p class=\"has-medium-font-size\">Radykalna prawica wykorzysta\u0142a sytuacj\u0119 do reakcjonistycznej agitacji, oskar\u017caj\u0105c szeroko poj\u0119te \u201elewactwo\u201d o spowodowanie \u015bmierci Polaka. Jednak, patrz\u0105c na rzeczywiste dzia\u0142ania podj\u0119te przez rz\u0105d od 2021 roku, ta, jak i wiele innych \u015bmierci na naszej granicy, zosta\u0142y w stu procentach spowodowane przez polityk\u0119 PO-PiSu.<\/p>\n\n\n\n<p class=\"has-medium-font-size\"><br>Rz\u0105d przed, jak i po wyborach straszy\u0142 Polak\u00f3w \u201ehandlarzami narkotyk\u00f3w\u201d, \u201eradykalnymi islamistami\u201d czy innymi \u201ekryminalistami\u201d przekraczaj\u0105cymi granic\u0119 polsko-bia\u0142orusk\u0105.<\/p>\n\n\n\n<p class=\"has-medium-font-size\">Jednak, r\u00f3\u017cnego rodzaju pushbacki, atakowanie migrant\u00f3w i wzmacnianie granicy nie poprawia tego problemu, niezale\u017cnie od tego czy jest on prawdziwy, czy zosta\u0142 zmy\u015blony przez rz\u0105dz\u0105ce opcje dla cel\u00f3w propagandowych.<\/p>\n\n\n\n<p class=\"has-medium-font-size\">Gdy nie ma \u017cadnych legalnych sposob\u00f3w przedostania si\u0119 przez granic\u0119, ka\u017cda osoba mo\u017ce j\u0105 przekroczy\u0107 nielegalnie; niezale\u017cnie od tego kim jest.<\/p>\n\n\n\n<p class=\"has-medium-font-size\">Poniewa\u017c s\u0105 to w wi\u0119kszo\u015bci osoby zdesperowane i walcz\u0105ce o mo\u017cliwo\u015b\u0107 lepszego \u017cycia, niezale\u017cnie od ilo\u015bci pushback\u00f3w b\u0119d\u0105 dalej pr\u00f3bowa\u0107 przekroczy\u0107 granic\u0119, i za kt\u00f3rym\u015b razem im si\u0119 uda.<\/p>\n\n\n\n<p class=\"has-medium-font-size\">Z drugiej strony, gdyby rz\u0105d umo\u017cliwi\u0142 przekroczenie granicy w legalny spos\u00f3b i dostarczy\u0142 godne warunki w o\u015brodkach detencyjnych, w kt\u00f3rych migranci czekaliby na przyj\u0119cie wniosku o pozostanie w Polsce, bardzo niewielka ilo\u015b\u0107 os\u00f3b pr\u00f3bowa\u0142aby przekroczy\u0107 granic\u0119 w innych miejscach, zmniejszaj\u0105c obci\u0105\u017cenie s\u0142u\u017cb granicznych i zapobiegaj\u0105c \u015bmierci niewinnych.<\/p>\n\n\n\n<p class=\"has-medium-font-size\">Dzi\u0119ki takiej polityce granicznej, ka\u017cda osoba przekraczaj\u0105ca granic\u0119 mog\u0142aby by\u0107 sprawdzona przez odpowiednie s\u0142u\u017cby, usuwaj\u0105c problem, kt\u00f3rym media tak bardzo strasz\u0105; czyli \u201ekryminali\u015bci\u201d, \u201eislami\u015bci\u201d czy \u201ehandlarze narkotyk\u00f3w\u201d.<\/p>\n\n\n\n<p class=\"has-medium-font-size\">Oczywi\u015bcie, nikt z rz\u0105dz\u0105cych takich zmian nie wprowadzi; zamiast tego, rz\u0105d wprowadza strefy buforowe przy granicy, aby ukry\u0107 dzia\u0142ania s\u0142u\u017cb. Zamiast patrze\u0107 na ludzki aspekt \u017cy\u0107 migrant\u00f3w, rz\u0105d \u015blepo pod\u0105\u017ca za mordercz\u0105 narracj\u0105 anglo-niemieckiego imperializmu.<\/p>\n\n\n\n<p class=\"has-medium-font-size\">Kolejnym faktem nie wspominanym przez media jest fakt, \u017ce wi\u0119kszo\u015b\u0107 tych migrant\u00f3w przeniesie si\u0119 do pa\u0144stw imperialistycznych, np. Niemiec, Francji czy Szwecji, i tylko nie wielka ilo\u015b\u0107 z nich zostanie w Polsce.<\/p>\n\n\n\n<p class=\"has-medium-font-size\">Z tego powodu, przyj\u0119cie migrant\u00f3w nie mog\u0142oby \u201epogorszy\u0107 kryzysu mieszkalnego\u201d czy \u201ezaj\u0105\u0107 miejsca pracy Polakom\u201d, czyli typowe punkty reakcjonist\u00f3w wrogo nastawionych do migracji, poniewa\u017c zdecydowana wi\u0119kszo\u015b\u0107 z nich nie zosta\u0142aby nawet w Polsce.<\/p>\n\n\n\n<p class=\"has-medium-font-size\">Zak\u0142adaj\u0105c nawet, \u017ce wszyscy migranci zostaliby w Polsce; s\u0142u\u017cby graniczne nie podaj\u0105 ilo\u015bci os\u00f3b przekraczaj\u0105cych granice, podaj\u0105 jedynie \u201epr\u00f3by\u201d.<\/p>\n\n\n\n<p class=\"has-medium-font-size\">Nie wiemy, czy jedna \u201epr\u00f3ba\u201d odpowiada jednej osobie czy jednej grupie przekraczaj\u0105c\u0105 granic\u0119.<\/p>\n\n\n\n<p class=\"has-medium-font-size\">Zak\u0142adaj\u0105c t\u0105 drug\u0105 opcj\u0119, od pocz\u0105tku roku mieli\u015bmy 17 tysi\u0119cy pr\u00f3b przekroczenia granicy, wi\u0119c je\u015bli za\u0142o\u017cymy tak\u0105 sam\u0105 ilo\u015b\u0107 pr\u00f3b na miesi\u0105c na reszt\u0119 roku i za\u0142o\u017cymy, \u017ce \u015brednio taki \u201eszturm\u201d ma 10 os\u00f3b, co jest zdecydowanie przesadzon\u0105 ilo\u015bci\u0105, wci\u0105\u017c mamy 340 tysi\u0119cy os\u00f3b; co jest kropl\u0105 wody w por\u00f3wnaniu do ponad 2 milion\u00f3w Ukrai\u0144c\u00f3w przyj\u0119tych przez Polsk\u0119 na pocz\u0105tku agresjii rosyjskiego imperializmu w Ukrainie, czy ju\u017c 18.8 miliona os\u00f3b kt\u00f3re przekroczy\u0142o granic\u0119 polsko-ukrai\u0144sk\u0105.<\/p>\n\n\n\n<p class=\"has-medium-font-size\">Czy ukrai\u0144cy zaj\u0119li polskie miejsca pracy czy podnie\u015bli ceny mieszka\u0144?<\/p>\n\n\n\n<p class=\"has-medium-font-size\">Cho\u0107 ekstremalna prawica wci\u0105\u017c przedstawia tak\u0105 narracj\u0119, nie pokrywa si\u0119 ona z prawd\u0105.<\/p>\n\n\n\n<p class=\"has-medium-font-size\">Wracaj\u0105c do tematu rozwi\u0105za\u0144 sytuacji na granicy, jak wiemy, to rozwi\u0105zanie nie zosta\u0142o przyj\u0119te przez nowy rz\u0105d, zamiast tego kontynuowana by\u0142a polityka narzucona przez Amerykan\u00f3w i NATO, przez kt\u00f3r\u0105 gin\u0105 migranci i polskie s\u0142u\u017cby.<\/p>\n\n\n\n<p class=\"has-medium-font-size\">Narracja radykalnej prawicy, kt\u00f3ra oskar\u017ca migrant\u00f3w i \u201elewactwo\u201d o \u015bmier\u0107 mundurowego, zosta\u0142a szybko podj\u0119ta przez wszelkie bur\u017cuazyjne media.<\/p>\n\n\n\n<p class=\"has-medium-font-size\">Ludob\u00f3jcza retoryka zosta\u0142a przyj\u0119ta nawet przez wielorakich \u201emoderat\u00f3w\u201d czy samozwa\u0144czych \u201elewicowc\u00f3w\u201d czy \u201eprogresywist\u00f3w\u201d, pokazuj\u0105c wyra\u017any kryzys bur\u017cuazyjnej demokracji.<\/p>\n\n\n\n<p class=\"has-medium-font-size\">Dalsze przesuni\u0119cia \u201ew prawo\u201d s\u0105 kluczowe dla dalszego prze\u017cycia tego systemu.<\/p>\n\n\n\n<p class=\"has-medium-font-size\">Naszym zadaniem wobec konsolidacji si\u0142 systemowych, wok\u00f3\u0142 fa\u0142szywej zbrodniczej retoryki jest postawienie si\u0119 w jej negacji wok\u00f3\u0142 anty-imperialistycznego sztandaru i tym samym warto\u015bci prawdziwie chroni\u0105cych  walk\u0119 o prawa ludzi pracuj\u0105cych i opresjonowanych ponad iluzoryczny system prawny, naginany na potrzeby przetrwania gnij\u0105cego systemu. <\/p>\n","protected":false},"excerpt":{"rendered":"<p>28 Maja, na granicy Polsko-Bia\u0142oruskiej polski \u017co\u0142nierz zosta\u0142 zaatakowany no\u017cem przez migranta przekraczaj\u0105cego granic\u0119; zmar\u0142 on 6 czerwca, a 12 czerwca odby\u0142 si\u0119 jego pogrzeb. By\u0142a to niepotrzebna \u015bmier\u0107 zaledwie 21-letniego Polaka, kt\u00f3ra zosta\u0142a bezpo\u015brednio spowodowana przez zab\u00f3jcz\u0105 polityk\u0119 partii rz\u0105dz\u0105cych; najpierw PiSu, a obecnie KO. Migracja przez Bia\u0142oru\u015b zacz\u0119\u0142a si\u0119 ju\u017c latem 2021 roku,&#8230;<\/p>\n","protected":false},"author":1,"featured_media":33,"comment_status":"open","ping_status":"open","sticky":false,"template":"","format":"standard","meta":{"footnotes":""},"categories":[3],"tags":[],"class_list":["post-27","post","type-post","status-publish","format-standard","has-post-thumbnail","hentry","category-artykul"],"_links":{"self":[{"href":"https:\/\/sprawapowszechna.org\/index.php?rest_route=\/wp\/v2\/posts\/27","targetHints":{"allow":["GET"]}}],"collection":[{"href":"https:\/\/sprawapowszechna.org\/index.php?rest_route=\/wp\/v2\/posts"}],"about":[{"href":"https:\/\/sprawapowszechna.org\/index.php?rest_route=\/wp\/v2\/types\/post"}],"author":[{"embeddable":true,"href":"https:\/\/sprawapowszechna.org\/index.php?rest_route=\/wp\/v2\/users\/1"}],"replies":[{"embeddable":true,"href":"https:\/\/sprawapowszechna.org\/index.php?rest_route=%2Fwp%2Fv2%2Fcomments&post=27"}],"version-history":[{"count":3,"href":"https:\/\/sprawapowszechna.org\/index.php?rest_route=\/wp\/v2\/posts\/27\/revisions"}],"predecessor-version":[{"id":343,"href":"https:\/\/sprawapowszechna.org\/index.php?rest_route=\/wp\/v2\/posts\/27\/revisions\/343"}],"wp:featuredmedia":[{"embeddable":true,"href":"https:\/\/sprawapowszechna.org\/index.php?rest_route=\/wp\/v2\/media\/33"}],"wp:attachment":[{"href":"https:\/\/sprawapowszechna.org\/index.php?rest_route=%2Fwp%2Fv2%2Fmedia&parent=27"}],"wp:term":[{"taxonomy":"category","embeddable":true,"href":"https:\/\/sprawapowszechna.org\/index.php?rest_route=%2Fwp%2Fv2%2Fcategories&post=27"},{"taxonomy":"post_tag","embeddable":true,"href":"https:\/\/sprawapowszechna.org\/index.php?rest_route=%2Fwp%2Fv2%2Ftags&post=27"}],"curies":[{"name":"wp","href":"https:\/\/api.w.org\/{rel}","templated":true}]}}