{"id":113,"date":"2024-09-29T22:59:36","date_gmt":"2024-09-29T22:59:36","guid":{"rendered":"https:\/\/sprawapowszechna.org\/?p=113"},"modified":"2024-10-01T17:59:32","modified_gmt":"2024-10-01T17:59:32","slug":"co-sie-wznosi-opasc-musi-powodz-i-zbrodnia-ignorancji","status":"publish","type":"post","link":"https:\/\/sprawapowszechna.org\/?p=113","title":{"rendered":"Co si\u0119 wznosi, opa\u015b\u0107 musi: Pow\u00f3d\u017a i zbrodnia ignorancji"},"content":{"rendered":"\n<p>Od 13 Wrze\u015bnia na terenie Polski i ca\u0142ej Europy \u015arodkowo-Wschodniej jeste\u015bmy \u015bwiadkami nawi\u0119kszych fali powodziowych od 1997 roku, ta druga w ci\u0105gu mniej ni\u017c trzydziestu lat \u2018pow\u00f3d\u017a 1000-lecia\u2019, przyczyni\u0142a si\u0119 na ten moment do \u015bmierci co najmniej 9 os\u00f3b w Polsce, a 1 osoba wci\u0105\u017c uznawana jest za zaginion\u0105. Jednak bardziej ni\u017c powodzi, ludzie padli ofiar\u0105 polityki klas rz\u0105dz\u0105cych III Rzeczpospolitej &#8211; tak pijanych na \u2018sukcesie\u2019 transformacji oraz wiecznie wznosz\u0105cych si\u0119 wykres\u00f3w PKB, PPP, S&amp;P, \u017ce zapomnie\u0107 mo\u017cna by\u0142o o infrastrukturze krytycznej.<\/p>\n\n\n\n<p>Ofiar\u0105 biurokrat\u00f3w obcego kapita\u0142u tak rozszala\u0142ych rozkr\u0119conym na wsp\u00f3\u0142 z re\u017cimem bia\u0142oruskim i w\u0142asnym wsparciem dla ka\u017cdej zbrodniczej wojny imperializmu USA na Bliskim Wschodzie &#8222;kryzysem migracyjnym&#8221;, \u017ce \u2018broni\u0105c\u2019 granic zapomniano co \u017co\u0142nierz wojska i WOT-u robi\u0107 ma w przeddzie\u0144 katastrofy.<\/p>\n\n\n\n<p>Ofiar\u0105 polityk\u00f3w, tak rozemocjonowanych k\u0119sem polityki wielkich mocarstw, \u017ce w szumie afery o sabota\u017c NordStream czy wymiany szpieg\u00f3w, ekwiwalent p\u00f3\u0142rocznych opad\u00f3w w ci\u0105gu 3 dni wydawa\u0107 si\u0119 m\u00f3g\u0142 \u2018prognoz\u0105 niealarmuj\u0105c\u0105\u2019.<\/p>\n\n\n\n<p>Wreszcie wszyscy, kt\u00f3rzy stracili maj\u0105tek \u017cycia \u2013 ofiar\u0105 dumnych posiadaczy tysi\u0119cy nowych czo\u0142g\u00f3w, wyrzutni rakietowych i system\u00f3w artyleryjskich, tak sp\u0142ukanych po op\u0142aceniu faktury, \u017ce zaoferowa\u0107 mog\u0105 naszym spo\u0142eczno\u015bciom niskoprocentow\u0105 po\u017cyczk\u0119 (1.5%-2.5%!!) na likwidacj\u0119 szk\u00f3d.<\/p>\n\n\n\n<p class=\"has-medium-font-size\"><br><strong>Perspektywa og\u00f3lna<\/strong><\/p>\n\n\n\n<p>Zacznijmy jednak od podstaw \u2013 ca\u0142y region po\u0142udniowej Polski, wraz z Czechami, S\u0142owacj\u0105, W\u0119grami, zachodni\u0105 Rumuni\u0105 i cz\u0119\u015bciami Austrii znajduje si\u0119 w obszarze w, kt\u00f3rym cz\u0119sto dochodzi do zderze\u0144 mas niskiego ci\u015bnienia i gor\u0105cego powietrza w\u0119druj\u0105cymi z p\u00f3\u0142nocnych W\u0142och (ni\u017c genua\u0144ski) z ch\u0142odnymi wy\u017cami kontynentalnymi.          Nie jest to nowe zjawisko meteorologiczne w regionie tym bardziej wi\u0119c szkodliwa, zw\u0142aszcza w kontek\u015bcie katastrofy klimatycznej i ocieplenia klimatu wydawa\u0107 mo\u017ce si\u0119 narracja wydarze\u0144 z 1997 roku jako wydarzenia wyj\u0105tkowego.<\/p>\n\n\n\n<p>Katastrofa klimatyczna w ca\u0142ej swojej istocie b\u0119d\u0105ca symptomem nadprodukcji kapitalistycznej, przy\u015bpiesza w spos\u00f3b drastyczny naturalne ocieplenie klimatu, jest to szeroko znany wszystkim fakt. Co natomiast mniej oczywiste to rezultaty samego ocieplenia \u2013 w kontek\u015bcie opad\u00f3w atmosfera na ka\u017cde 0.5 C wzrostu \u015bredniej temperatury jest w stanie przechowywa\u0107 o 7% wi\u0119cej wilgoci, przed jej skraplaniem, w warto\u015bciach bezwzgl\u0119dnych jest to wi\u0119c wzrost wyk\u0142adniczy. Pokazuje to, \u017ce nie tylko b\u0142\u0119dnym za\u0142o\u017ceniem jest traktowa\u0107 wydarzenia z 1997, 2010 czy 2024r., jako wyj\u0105tkowe ale trzeba je traktowa\u0107 jako takie, kt\u00f3rych intensywno\u015b\u0107 i cz\u0119stotliwo\u015b\u0107 musi rosn\u0105\u0107 zbie\u017cnie z globalnym ocieplaniem .<\/p>\n\n\n\n<p>Z perspektywy czynnik\u00f3w geograficznych dodatkowo nie pomaga, \u017ce ca\u0142y region w kt\u00f3rym dochodzi do tego rodzaju cyklicznych powodzi odgrodzony jest zewsz\u0105d masywami: Karpat, Sudet i Alp. Do najbardziej gwa\u0142townego skraplania i zderze\u0144 mas powietrza dochodzi bezpo\u015brednio na tych masywach, ca\u0142y opad zrzucany jest, wi\u0119c w pocz\u0105tkowy bieg rzek. Te natomiast w g\u00f3rnym biegu ze wzgl\u0119du na energi\u0119 wytwarzan\u0105 przy dysproporcjonalnym wezbraniu, w korelacji z pr\u0119dko\u015bci\u0105 z kt\u00f3r\u0105 p\u0142yn\u0105 w d\u00f3\u0142 strumienia, stanowi\u0105 niepowstrzyman\u0105 barier\u0119 dla dotychczasowych zabezpiecze\u0144 tak jak mia\u0142o to miejsce na przyk\u0142ad na zniszczonej tamie w Stroniach \u015al\u0105skich.<\/p>\n\n\n\n<p>Czego jednak w tak beznadziejnej perspektywie warunk\u00f3w naturalnych mo\u017cemy wymaga\u0107, przecie\u017c b\u0105d\u017a co b\u0105d\u017a zbiorniki w g\u00f3rnym biegu rzek wyp\u0142ywaj\u0105cych z Sudet budowano, a w samej Ziemii K\u0142odzkiej wycofano si\u0119 z budowy ich cz\u0119\u015bci, r\u00f3wnie\u017c ze wzgl\u0119du na warunki ekologiczne i ingerencj\u0119 w lokaln\u0105 przyrod\u0119, a op\u00f3r dla ich budowy wbrew prawicowej narracji <a href=\"https:\/\/www.salon24.pl\/u\/gotowynawszystko\/1401161,oni-sprzeciwiali-sie-budowie-zbiornikow-retencyjnych-i-regulacji-wod\">pochodzi\u0142 z obu stron<\/a> parlamentarnego bagna politycznego. Oczywi\u015bcie mo\u017cemy przeprowadza\u0107 kalkulacje w ramach obecnego horyzontu politycznego: Jak wielkie po\u0142acie ekosystem\u00f3w w Ziemii K\u0142odzkiej mo\u017cemy na sta\u0142e zaburzy\u0107, \u017ceby by\u0107 mo\u017ce tym razem ocali\u0107 K\u0142odzko (o suchych Stroniach \u015al\u0105skich i L\u0105dku-Zdr\u00f3j dalej mo\u017cemy zapomnie\u0107), a przynajmniej miejscowo\u015bci w dalszym biegu Nysy oraz Odry. Mogliby\u015bmy r\u00f3wnie dobrze t\u0105 dychotomi\u0119 adektwatnej ochrony \u015brodowiska naturalnego lub adektwatnej ochrony ludzkiego osadnictwa przenie\u015b\u0107 i na perspektyw\u0119 ca\u0142ej polityki przeciwpowodziowej w kraju.<\/p>\n\n\n\n<p>Nic nie zmieni jednak faktu, \u017ce Polska uczestnicz\u0105c w globalnym systemie kapitalizmu-imperializmu nie jest w stanie politycznie zapobiec w \u017caden spos\u00f3b czynnikom ludzkim przyczyniaj\u0105cym si\u0119 do tej beznadziejnej sytuacji.<\/p>\n\n\n\n<p>Tak jak na piedesta\u0142 wynie\u015b\u0107 mo\u017cemy konsumpcjonizm, utowarowienie i wszelkie rankingi gospodarcze z nimi zwi\u0105zane, tak opu\u015bci\u0107 musimy wag\u0119 podstawowych warunk\u00f3w reprodukcji \u017cycia ludzkiego \u2013 reprodukcj\u0119 \u015brodowiska naturalnego, kt\u00f3re tak fundamentalne jest dla bezpiecznego schronienia i osadnictwa.Nie wa\u017cne w tym aspekcie s\u0105 retoryki o ochronie \u015brodowiska i zapobieganiu zmianom klimatycznym g\u0142oszone, przez rz\u0105dzacych w kraju, w Unii i na \u015bwiecie, r\u00f3wnie nieznacz\u0105ce s\u0105 protesty i akcje aktywizmu klimatycznego dla zmian porz\u0105dku prawnego w ramach obowi\u0105zuj\u0119go systemu politycznego.<\/p>\n\n\n\n<p>Kryzys i jego sprzeczno\u015bci, kt\u00f3re zagra\u017caj\u0105 podstawowym warunkom reprodukcji \u017cycia ludzkiego, s\u0105 tak samo fundamentalnie zwi\u0105zane z \u015bwiatowym systemem polityczno-ekonomicznym, jak fundamentalnie prawo do bezpiecznego schronienia zakorzenione jest w naszej psychice. Nies\u0142usznym jest wyzbywanie si\u0119 tego cywilizacyjnego post\u0119pu rozwoju ludzko\u015bci, w postaci pewno\u015bci o bezpieczne schronienie, kosztem utrzymania systemu kt\u00f3rego u\u017cyteczno\u015b\u0107 przeterminowa\u0142a si\u0119 ponad 200 lat temu. Jedynym mo\u017cliwym sposobem obrony naszego prawa i walki z tym kryzysem jest uderzenie w jego \u017ar\u00f3d\u0142o, a kryzys klimatyczny jest niczym innym jak kryzysem \u015bwiatowego imperializmu.<\/p>\n\n\n\n<p>Maj\u0105c zarys tak globalnego kryzysu czy mo\u017cemy usprawiedliwia\u0107 dzia\u0142ania obecnych rz\u0105dz\u0105cych? Oczywi\u015bcie, \u017ce Nie!<\/p>\n\n\n\n<p>Czy dzia\u0142ania rz\u0105du i posiadaczy w kraju, mo\u017cemy uznawa\u0107 za dodatkowy czynnik obecnej katastrofy? Oczywi\u015bcie, \u017ce Tak!<\/p>\n\n\n\n<p class=\"has-medium-font-size\"><strong><br>Pierwsze sygna\u0142y<\/strong><\/p>\n\n\n\n<p>10 Wrze\u015bnia Instytut Meteorologii i Gospodarki Wodnej (IMGW), ostrzega\u0142 o mo\u017cliwo\u015bci wyst\u0105pienia 12 wrze\u015bnia w po\u0142udniowo-zachodniej Polsce du\u017cych opad\u00f3w deszczu, w tym o powa\u017cnym ryzyku powodzi w dorzeczu g\u00f3rnej Odry. Wraz z intensywnie pogarszaj\u0105cymi si\u0119 prognozami 12 wrze\u015bnia IMGW wyda\u0142 ostrze\u017cenia najwy\u017cszego stopnia. Pisano bezpo\u015brednio: \u201c<em>Wyst\u0105pi\u0105 powodzie i zalania<\/em>.\u201d Bezpo\u015brednio wskazano na Ziemi\u0119 K\u0142odzk\u0105, gdzie przewidywano opad 200-300 l\/m2, w ci\u0105gu 3 dni co daje ekwiwalent p\u00f3\u0142 roku opad\u00f3w. Na dodatek ostrze\u017cenia dla ca\u0142ego pogranicza polsko-czeskiego pokrywa\u0142y si\u0119 z ostrze\u017ceniami Czeskiego Instytutu Hydrometeorologicznego (\u010cHM\u00da).<\/p>\n\n\n\n<p><a href=\"https:\/\/next.gazeta.pl\/next\/7,172392,31317578,tusk-tlumaczy-sie-ze-slow-z-13-wrzesnia-patrzymy-w-prognozy.html\">Co najmniej od 10 wrze\u015bnia<\/a>,<a href=\"https:\/\/next.gazeta.pl\/next\/7,172392,31317578,tusk-tlumaczy-sie-ze-slow-z-13-wrzesnia-patrzymy-w-prognozy.html\"> <\/a>s\u0142u\u017cby w Polsce posiada\u0142y wiedz\u0119 na temat nadchodz\u0105cej fali opad\u00f3w i jej prawdopodobnej skali. <br>Nie stanowi\u0142o to absolutnie \u017cadnej przeszkody dla premiera do op\u0119tanego be\u0142kotania w telewizji 13 wrze\u015bnia cytuj\u0105c: \u201c<em>Prognozy nie s\u0105 przesadnie alarmuj\u0105ce. Dzisiaj nie ma powodu, aby przewidywa\u0107 zdarzenia w skali, kt\u00f3ra by powodowa\u0142a zagro\u017cenie na terenie ca\u0142ego kraju. Nie ma powodu do paniki<\/em>\u201d.<\/p>\n\n\n\n<figure class=\"wp-block-image aligncenter size-full is-resized\"><img fetchpriority=\"high\" decoding=\"async\" width=\"473\" height=\"510\" src=\"https:\/\/sprawapowszechna.org\/wp-content\/uploads\/2024\/09\/Screenshot_2024-09-30_00-36-17.png\" alt=\"\" class=\"wp-image-203\" style=\"width:328px;height:auto\" srcset=\"https:\/\/sprawapowszechna.org\/wp-content\/uploads\/2024\/09\/Screenshot_2024-09-30_00-36-17.png 473w, https:\/\/sprawapowszechna.org\/wp-content\/uploads\/2024\/09\/Screenshot_2024-09-30_00-36-17-278x300.png 278w\" sizes=\"(max-width: 473px) 100vw, 473px\" \/><\/figure>\n\n\n\n<p class=\"has-medium-font-size\"><br><strong>Perspektywa Krajowa<\/strong><\/p>\n\n\n\n<p>Niezale\u017cnie od conajmniej ob\u0142\u0105kanych, a mo\u017cnaby si\u0119 k\u0142\u00f3ci\u0107 morderczych w swym efekcie s\u0142\u00f3w Tuska, region Dolnego \u015al\u0105ska i wojew\u00f3dztwa opolskiego po powodzi w 1997 roku, zabezpieczony mia\u0142 by\u0107 nowymi zbiornikami zbudowanymi w tym okresie &#8211; niepor\u00f3wnywalnie mniejszymi ni\u017c Soli\u0144ski czy Czorszty\u0144ski, kt\u00f3re zbudowano lub kt\u00f3rych budow\u0119 rozpocz\u0119to przed transformacj\u0105.<\/p>\n\n\n\n<p>Tym razem dzi\u0119ki serii mniejszych zbiornik\u00f3w w g\u00f3rnym biegu Nysy K\u0142odzkiej, nie miano si\u0119 czego obawia\u0107. Z czasem jak si\u0119 okaza\u0142o nie miano czego si\u0119 obawia\u0107 (a to i tak nie do ko\u0144ca) tylko w wielkomiejskiej Polsce A, bo przynajmniej Wroc\u0142aw ucierpia\u0142 mniej ni\u017c w 1997 roku, gdy\u017c dzi\u015b Polska powiatowa przyj\u0119\u0142a na siebie znacznie wi\u0119ksz\u0105 dewastacj\u0119 ni\u017c 27 lat temu. Powsta\u0142e zbiorniki okaza\u0142y si\u0119 absolutnie niewystarczaj\u0105ce, tak jak ca\u0142a infrastruktura IIIRP &#8211; je\u015bli powstawa\u0142y to z ogromnymi op\u00f3\u017anieniami, lub wcale nie i to nie tylko przez aspekty ochrony \u015brodowiska, ale te\u017c niemoc kapitalistycznego pa\u0144stwa do realizacji takich przedsi\u0119wzi\u0119\u015b\u0107. Na poziomie krajowym jest to pierwszy czynnik pot\u0119guj\u0105cy dzisiejsz\u0105 katastrof\u0119 co zbie\u017cne jest min. z <a href=\"https:\/\/www.tvp.info\/82460029\/powodzi-mozna-bylo-uniknac-zaskakujace-wnioski-nik-ostre-slowa-mariana-banasia\">wnioskami<\/a> Najwy\u017cszej Izby Kontroli.<\/p>\n\n\n\n<p>Rzeczywisto\u015b\u0107 dodatkowo zweryfikowa\u0142a narracj\u0119, ujawniaj\u0105c absolutn\u0105 ignorancj\u0119 W\u00f3d Polskich wobec zbli\u017caj\u0105cej si\u0119 fali powodziowej w postaci braku opr\u00f3\u017cnienia zbiornik\u00f3w w g\u00f3rnym biegu Nysy K\u0142odzkiej, kt\u00f3rych przy\u015bpieszone przepe\u0142nienie z wybitn\u0105 skuteczno\u015bci\u0105 przypiecz\u0119towa\u0142o los miast w biegu tej rzeki na p\u00f3\u0142noc od Kotliny K\u0142odzkiej &#8211; czyst\u0105 ignorancj\u0105 zniszczono ca\u0142kowicie: Nys\u0119, Paczk\u00f3w, Lewin Brzeski i niezliczone wsie pomi\u0119dzy.Obna\u017cy\u0142a si\u0119 r\u00f3wnie\u017c patologia III RP w postaci kuriozalnego biurokratycznego rozwarstwienia administrator\u00f3w infrastrukrury krytycznej, gdzie w apogeum tragedii Sztab kryzysowy na \u017cywo dowiadywa\u0142 si\u0119 o wydawa\u0107 by si\u0119 mog\u0142o samym fakcie istnienia elektrowni wodnej Lubach\u00f3w na Bystrzycy, b\u0119d\u0105cej w administracji Tauronu, kt\u00f3ra dokona\u0142a<a href=\"https:\/\/businessinsider.com.pl\/gielda\/wiadomosci\/tauron-tlumaczy-wielki-zrzut-wody-dlaczego-akurat-teraz\/r8ew5qp\"> nieautoryzowanego zrzutu wody<\/a> do zbiornika Mietk\u00f3w. Zapomniano, wi\u0119c w sztabie zawrze\u0107 przedstawiciela jednego z administrator\u00f3w infrastruktury retencyjnej na drodze fali powodziowej, w domy\u015ble nie pami\u0119taj\u0105c zapewne, \u017ce przecie\u017c ka\u017cda infrastruktura w naszym kraju funkcjonowa\u0107 nie mo\u017ce bez roz\u0142o\u017cenia na setki sp\u00f3\u0142ek: publicznych, publiczno-prywatnych, konsorcj\u00f3w, JDG, itp itd., bez kt\u00f3rych istnienia do\u015bwiadczyliby\u015bmy wszyscy chronicznego kryzysu bezrobocia w zawodzie prezesa.<\/p>\n\n\n\n<figure class=\"wp-block-image aligncenter size-full is-resized\"><img decoding=\"async\" width=\"477\" height=\"583\" src=\"https:\/\/sprawapowszechna.org\/wp-content\/uploads\/2024\/09\/Screenshot_2024-09-29_23-03-09.png\" alt=\"\" class=\"wp-image-134\" style=\"width:370px;height:auto\" srcset=\"https:\/\/sprawapowszechna.org\/wp-content\/uploads\/2024\/09\/Screenshot_2024-09-29_23-03-09.png 477w, https:\/\/sprawapowszechna.org\/wp-content\/uploads\/2024\/09\/Screenshot_2024-09-29_23-03-09-245x300.png 245w\" sizes=\"(max-width: 477px) 100vw, 477px\" \/><\/figure>\n\n\n\n<p>Mo\u017ce jeszcze pope\u0142niliby\u015bmy grzech ci\u0119\u017cki centralizacji takich obiekt\u00f3w w jednym podmiocie skupiaj\u0105cych je (lub co najmniej stanowi\u0105cym dok\u0142adny nadz\u00f3r nad nimi) wpierw wed\u0142ug funkcji spo\u0142ecznej, zamiast dziesi\u0105tek struktur niepodleg\u0142ych sobie wed\u0142ug funkcji ekonomicznej dla maksymalizacji zysku.<\/p>\n\n\n\n<p>Po przej\u015bciu g\u0142\u00f3wnej fali w g\u00f3rnym brzegu dop\u0142yw\u00f3w Odry w ruinie stoj\u0105: G\u0142ucho\u0142azy, Ziemia K\u0142odzka (Stronie \u015al\u0105skie, L\u0105dek-Zdr\u00f3j, K\u0142odzko), Lewin Brzeski, wi\u0119kszo\u015b\u0107 Nysy i Paczkowa, w mniejszej cz\u0119\u015bci r\u00f3wnie\u017c Jelenia G\u00f3ra, \u015awidnica i Z\u0105bkowice \u015al\u0105skie, Kamieniec Z\u0105bkowiecki, niezliczone wsie pomi\u0119dzy do\u0142\u0105czaj\u0105 zar\u00f3wno do grona zdewastowanych jak i uszkodzonych, a\u017c po same wojew\u00f3dztwo Lubuskie setki kilometr\u00f3w w d\u00f3\u0142 biegu Odry.<\/p>\n\n\n\n<p class=\"has-medium-font-size\"><br><strong>Perspektywa Lokalna &#8211; Walka i jej brak<\/strong><\/p>\n\n\n\n<p>Wraz z przetoczeniem si\u0119 g\u0142\u00f3wnej fali, przez wspomniane miejscowo\u015bci z pierwszej r\u0119ki da\u0142o si\u0119 us\u0142ysze\u0107 o zbrodni ignorancji wobec losu ludno\u015bci regionu dokonanej, przez lokalne w\u0142adze i bogaczy. Z ca\u0142ej Ziemii K\u0142odzkiej, w pierwszych dniach dochodzi\u0142y niezliczone sygna\u0142y mieszka\u0144c\u00f3w o byciu pozostawionym na pastw\u0119 losu, przez brak s\u0142u\u017cb ratowniczych i si\u0142 zbrojnych.<\/p>\n\n\n\n<p>W\u0142a\u015bnie <a href=\"https:\/\/tvn24.pl\/wroclaw\/burmistrzowie-stronia-slaskiego-i-ladka-zdroju-odsunieci-od-zarzadzania-kryzysowego-komentuja-ulatwi-nam-to-podniesienie-sie-z-kolan-st8095032\">tu ujawni\u0142a si\u0119 kolejna kuriozalna patologia<\/a> III RP i klas rz\u0105dz\u0105cych, gdzie po apelach lokalnych mieszka\u0144c\u00f3w rz\u0105d \u0142askawie raczy\u0142 przej\u0105\u0107 kwestie zarz\u0105dzania kryzysowego od burmistrz\u00f3w Stroni \u015al\u0105skich i L\u0105dka-Zdr\u00f3j. Ci\u0119\u017cko poj\u0105\u0107 czemu innemu taka fetyszyzacja samorz\u0105dno\u015bci, w naszym systemie prawnym akurat w zarz\u0105dzaniu kryzysowym w obliczu tragedii wielokrotnie ponad miar\u0119 takich relatywnie niewielkich spo\u0142eczno\u015bci mia\u0142aby s\u0142u\u017cy\u0107. Czemu innemu, ni\u017c instytucjonalnemu umywaniu r\u0105k od zbrodni w\u0142asnej ignorancji, a w efekcie dla stworzenia propagandy pob\u0142a\u017cliwego i kompetentnego wielkiego wodza przejmuj\u0105cego sprawy w w\u0142asne r\u0119ce od nieudolnych biurokrat\u00f3w. Fascynuj\u0105ce jest jak pewne modele, kt\u00f3re pro-rz\u0105dowi \u2018intelektuali\u015bci\u2019-politolodzy wyszukuj\u0105 w\u015br\u00f3d re\u017cimu rosyjskiego maj\u0105 swoje odzwierciedlenie pod naszym nosem, na poziomie instytucjonalnym, s\u0105 w obronie naszych \u201cwodz\u00f3w\u201d kodyfikowane prawnie, ujawniaj\u0105c swoj\u0105 prawdziw\u0105 rol\u0119 przy pierwszym g\u0142\u0119bszym kryzysie.<\/p>\n\n\n\n<p>Kolejnym b\u0142\u0119dem o charakterze zbrodni przeciwko ludowi powiatu K\u0142odzkiego, by\u0142 fakt niepoinformwania, przez Wody Polskie wspomniaych w\u0142a\u015bnie samorz\u0105dowych sztab\u00f3w kryzysowych, o przerwaniu tamy w Stroniach \u015al\u0105skich, co <a href=\"https:\/\/dorzeczy.pl\/opinie\/634960\/burmistrz-klodzka-o-peknieciu-tamy-dowiedzialem-sie-od-dziennikarki.html\">potwierdza burmistrz K\u0142odzka<\/a>.<\/p>\n\n\n\n<figure class=\"wp-block-image aligncenter size-full is-resized\"><img decoding=\"async\" width=\"797\" height=\"597\" src=\"https:\/\/sprawapowszechna.org\/wp-content\/uploads\/2024\/09\/Screenshot_2024-09-30_00-50-11.png\" alt=\"\" class=\"wp-image-205\" style=\"width:528px;height:auto\" srcset=\"https:\/\/sprawapowszechna.org\/wp-content\/uploads\/2024\/09\/Screenshot_2024-09-30_00-50-11.png 797w, https:\/\/sprawapowszechna.org\/wp-content\/uploads\/2024\/09\/Screenshot_2024-09-30_00-50-11-300x225.png 300w, https:\/\/sprawapowszechna.org\/wp-content\/uploads\/2024\/09\/Screenshot_2024-09-30_00-50-11-768x575.png 768w\" sizes=\"(max-width: 797px) 100vw, 797px\" \/><\/figure>\n\n\n\n<p>Poza ra\u017c\u0105c\u0105 niekompetencj\u0105 o znamionie gierek politycznych i\/lub zbrodni &#8211; na tle samego zarz\u0105dzania mamy mas\u0119 przyk\u0142ad\u00f3w haniebnych zaniedba\u0144 w  praktyce ratowniczej: pocz\u0105wszy od mieszka\u0144c\u00f3w ca\u0142ej Ziemii K\u0142odzkiej m\u00f3wi\u0105cych jasno o byciu pozostawionymi bez wsparcia s\u0142u\u017cb, po tak tragiczne przypadki jak horror pana Tomasza z G\u0142ucho\u0142az\u00f3w, kt\u00f3ry w \u015brodku miasta sta\u0142 na male\u0144kiej wysepce po\u015brodku fali, przez okr\u0105g\u0142e 9 godzin czekaj\u0105c na ratunek, podczas gdy mieszka\u0144cy lokalnych blok\u00f3w potwierdzaj\u0105, \u017ce informowali s\u0142u\u017cby ratownicze o jego sytuacji dziesi\u0105tki razy spotykaj\u0105c si\u0119 z kompletnym brakiem reakcji, gdy centymetry dzieli\u0142y go ca\u0142y ten czas od pewnej \u015bmierci. Sam pokrzywdzony <a href=\"https:\/\/www.fakt.pl\/wydarzenia\/powodz-w-glucholazach-uwieziony-na-wysepce-ujawnia-szokujace-kulisy\/ps104gf\">relacjonowa\u0142<\/a>, jak przed zalaniem s\u0142u\u017cby ratunkowe z Tuskiem na czele przyjecha\u0142y do miejscowo\u015bci na sesj\u0119 zdj\u0119ciow\u0105, przed opuszczeniem jej w ca\u0142o\u015bci na samotn\u0105 zag\u0142ad\u0119.<\/p>\n\n\n\n<p>Jeszcze bardziej dramatyczna sytuacja mia\u0142a miejsce we wsiach, mo\u017cemy znale\u017a\u0107 relacje mieszka\u0144c\u00f3w St\u00f3jkowa m\u00f3wi\u0105c\u0105 o braku obecno\u015bci jakichkolwiek s\u0142u\u017cb czy informacji o ewakuacji, bezpo\u015brednio mowa o tym, \u017ce <a href=\"https:\/\/wiadomosci.gazeta.pl\/wiadomosci\/7,114883,31324018,mieszkaniec-stojkowa-cala-polska-bedzie-chciala-wystapic-przeciwko.html\"><em>&#8222;ca\u0142a Polska b\u0119dzie chcia\u0142a wyst\u0105pi\u0107 przeciwko premierowi<\/em>\u201d<\/a> za jego s\u0142owa bagatelizuj\u0105ce \u017cywio\u0142, kt\u00f3ry zniszczy\u0142 ich \u017cycie.<\/p>\n\n\n\n<p>Jak mo\u017cemy si\u0119 dowiedzie\u0107 z innych relacji organy pa\u0144stwa polskiego zostawiaj\u0105c na zag\u0142ad\u0119 G\u0142ucho\u0142azy i Ziemi\u0119 K\u0142odzk\u0105 nie pojecha\u0142y wcale w mi\u0119dzyczasie ratowa\u0107 miejscowo\u015bci w dalszym biegu rzeki, bo tak cho\u0107by w przypadku Nysy \u2013 najwi\u0119kszej miejscowo\u015bci w biegu Nysy K\u0142odzkiej, mo\u017cemy <a href=\"https:\/\/www.facebook.com\/reel\/740674608188396\">us\u0142ysze\u0107<\/a> od wielu mieszka\u0144c\u00f3w informacje o tym, \u017ce lokalnie dzia\u0142a\u0142 jeden \u015bmig\u0142owiec ratunkowy &#8211; tylko \u017ce nie pogotowia, stra\u017cy, policji czy wojska\u2026 a cywilny &#8211; ochotnik\u00f3w z Gda\u0144ska.<\/p>\n\n\n\n<p>Id\u0105c dalej dla mieszka\u0144c\u00f3w teren\u00f3w powodziowych wilkiem w owczej sk\u00f3rze okaza\u0142y si\u0119 nie tylko w\u0142adze pa\u0144stwowe.<\/p>\n\n\n\n<p>W Jeleniej G\u00f3rze, kt\u00f3r\u0105 najgorsze ze zniszcze\u0144 omin\u0119\u0142y lokalni mieszka\u0144cy nie mogli spa\u0107 spokojnie dzi\u0119ki dzia\u0142aniom lokalnego milionera i w\u0142a\u015bciciela luksusowego hotelu, kt\u00f3ry wed\u0142ug ich relacji mia\u0142 przekopa\u0107 zleci\u0107 przekopanie wa\u0142u przeciwpowodziowego w obronie swego absolutnie fundamentalnego dla egzystencji przybytku, ignoruj\u0105c los pozosta\u0142ych mieszka\u0144c\u00f3w okolicy. Tymczasem sam prezydent Jeleniej G\u00f3ry w wypowiedzi bagatelizuj\u0105cej te dzia\u0142ania, opowiada o \u2018<em>przekopaniu dawnych staw\u00f3w, a nie fragmentu wa\u0142u powodziowego<\/em>\u2019. Niesamowitym jest, \u017ce w obliczu takiej tragedii rz\u0105dz\u0105cy r\u00f3\u017cnych stopni my\u015bl\u0105, \u017ce przeci\u0119tny mieszkaniec-pracownik og\u0142upia\u0142 do tego poziomu, \u017ce zapomni o naturalnych w\u0142a\u015bciwo\u015bciach retencyjnych takich teren\u00f3w jak stawy , a swoj\u0105 s\u0142usznie wymierzon\u0105 w\u015bciek\u0142o\u015b\u0107 o zniszczony dorobek \u017cycia odsunie od lokalnego posiadacza i biurokraty. Lokalni mieszka\u0144cy<a href=\"https:\/\/www.money.pl\/gospodarka\/mieszkancy-cieplic-masowo-zglaszaja-sie-do-prokuratury-przynosza-filmy-i-zdjecia-7074811647707840a.html\"> <\/a>jednomy\u015ble<a href=\"https:\/\/www.money.pl\/gospodarka\/mieszkancy-cieplic-masowo-zglaszaja-sie-do-prokuratury-przynosza-filmy-i-zdjecia-7074811647707840a.html\"> odrzucaj\u0105 te t\u0142umaczenia-kpiny<\/a> i przynosz\u0105 do organ\u00f3w \u015bcigania materia\u0142y udowadniaj\u0105ce zbrodni\u0119, przeciw bezpiecze\u0144stwu ich domostw.<\/p>\n\n\n\n<p>Ostatni z przyk\u0142ad\u00f3w kryminalnego niedbalstwa skupmy w samym wspania\u0142omy\u015blnie &#8222;ocalonym&#8221; Wroc\u0142awiu. <\/p>\n\n\n\n<p>Podczas, gdy w\u0142adze i s\u0142u\u017cby w obiektywie kamer skupia\u0142y si\u0119 na umacnianiu dzielnicy Marszowice, przed fal\u0105 z Bystrzycy \u2013 z notabene dwojakim skutkiem, gdy\u017c Marszowice zosta\u0142y i tak miejscami zalane. Pareset metr\u00f3w na wsch\u00f3d w dzielnicy Stab\u0142owice lokalni mieszka\u0144cy samodzielnie bez \u017cadnej pomocy z zewn\u0105trz zmuszeni byli przygotowywa\u0107 si\u0119 na t\u0105 sam\u0105 fal\u0119 z Bystrzycy. <a href=\"https:\/\/dorzeczy.pl\/kraj\/634348\/wroclaw-woda-podeszla-pod-bloki-na-osiedlu-stablowice.html\">Jedna z mieszkanek m\u00f3wi\u0142a bezpo\u015brednio<\/a>: <em>\u201cPrzez dwa dni ludzie b\u0142agali, aby kto\u015b pom\u00f3g\u0142 im z budow\u0105 wa\u0142u (\u2026) W\u0142adze wzi\u0119\u0142y si\u0119 za wzmacnianie Marszowic, a Stab\u0142owice na w\u0142asn\u0105 r\u0119k\u0119 zacz\u0119\u0142y za\u0142atwia\u0107 worki i piasek<\/em>\u201d. W efekcie kolejnego kryminalnego zaniedbania na potrzeby zdj\u0119\u0107 z fleszem na jednych z niewielu wa\u0142ach, gdzie kto\u015b widzia\u0142 przed fal\u0105 przedstawicieli pa\u0144stwa polskiego w Stab\u0142owicach woda wdar\u0142a sie wewn\u0105trz cz\u0119\u015bci osiedla podmywaj\u0105c gara\u017ce i partery.<\/p>\n\n\n\n<figure class=\"wp-block-image aligncenter size-full is-resized\"><img loading=\"lazy\" decoding=\"async\" width=\"800\" height=\"600\" src=\"https:\/\/sprawapowszechna.org\/wp-content\/uploads\/2024\/09\/Screenshot_2024-09-30_00-55-34.png\" alt=\"\" class=\"wp-image-210\" style=\"width:496px;height:auto\" srcset=\"https:\/\/sprawapowszechna.org\/wp-content\/uploads\/2024\/09\/Screenshot_2024-09-30_00-55-34.png 800w, https:\/\/sprawapowszechna.org\/wp-content\/uploads\/2024\/09\/Screenshot_2024-09-30_00-55-34-300x225.png 300w, https:\/\/sprawapowszechna.org\/wp-content\/uploads\/2024\/09\/Screenshot_2024-09-30_00-55-34-768x576.png 768w\" sizes=\"(max-width: 800px) 100vw, 800px\" \/><\/figure>\n\n\n\n<p class=\"has-medium-font-size\"><strong><br>Pa\u0144stwo przychodzi, robi\u0107 to co umie<\/strong><\/p>\n\n\n\n<p>Gdy fala ju\u017c zdecydowanie opad\u0142a, a wezwania od mieszka\u0144c\u00f3w do natychmiastowego stawienia si\u0119 s\u0142u\u017cb dla naprawy uszkodze\u0144 sta\u0142y si\u0119 wszechobecne, sztab kryzysowy postanowi\u0142 z pocz\u0105tku przechwala\u0107 si\u0119 ilo\u015bciami \u017co\u0142nierzy skierowanych do r\u00f3\u017cnych miejscowo\u015bci. W wielu przypadkach by\u0142a mowa o \u017co\u0142nierzach WOT-u, kt\u00f3rzy b\u0119d\u0105c terytorialn\u0105 formacj\u0105 z jakiego\u015b powodu musia\u0142yby by\u0107 skierowane z zewn\u0105trz dopiero po fakcie. Oczywi\u015bcie wszczyscy wiemy, \u017ce dop\u00f3ki ostatni imigrant na granicy bia\u0142oruskiej nie zostanie spa\u0142owany, a ostatnia matka z dzieckiem nie zamarznie samotnie w Puszczy Bia\u0142owieskiej, dop\u00f3ty nie b\u0119dzie mowy o obronie terytorialnej, b\u0119d\u0105cej na miejscu przed prawdziwym kryzysem.<\/p>\n\n\n\n<p>Z czasem, gdy woda opad\u0142a a relacje s\u0142u\u017cb pojawi\u0105j\u0105cych si\u0119 na miejscu zacz\u0119\u0142y kontrastowa\u0107 z relacjami mieszka\u0144c\u00f3w o zbrodni ignorancji jakiej z ich r\u0105k do\u015bwiadczyli, zrodzi\u0142a si\u0119 potrzeba zmanufakturowania nowego kryzsu &#8211; lokalnie takiego jak ten na granicy bia\u0142oruskiej, kt\u00f3rym b\u0119dzie mo\u017cna w ca\u0142o\u015bci informacyjnie rozgrywa\u0107.<\/p>\n\n\n\n<p class=\"has-normal-font-size\">Tak te\u017c i z dnia na dzie\u0144 s\u0142yszymy coraz mniej o ogromnej skali zniszcze\u0144 zdruzgotanych spo\u0142eczno\u015bci, a coraz wi\u0119cej s\u0142yszymy o bandach szabrownik\u00f3w, kt\u00f3rych \u2018zawrotna\u2019 ilo\u015b\u0107 na gigantycznych obszarach zdewastowanych, przez powodzie rzeczywi\u015bcie powala, od 13 do 29 Wrze\u015bnia zatrzymano\u2026 19 szabrownik\u00f3w, daje nam to nieco ponad jedn\u0105! osob\u0119 dziennie. Oczywi\u015bcie lokalni prokuratorzy w teatrzyku skrywaj\u0105cym swoje biurokratyczne zap\u0119dy jako komukolwiek potrzebne w tej katastrofie, przygotowali si\u0119 do wnoszenia akt\u00f3w oskar\u017cenia na niebezpiecznych szabrownik\u00f3w: napoj\u00f3w alkoholowych, przeterminowanych produkt\u00f3w i opustosza\u0142ych stacji Orlenu, <a href=\"https:\/\/www.money.pl\/gospodarka\/prokuratura-sciga-szabrownikow-zostana-skazani-w-trybie-przyspieszonym-7072804058774464a.html\">w trybie przyspieszonym<\/a>. Nie brakuje te\u017c wylewaj\u0105cych krokodylich \u0142ez lokalnych posiadaczy, jak w przypadku sklepu jubilerskiego w L\u0105dku-Zdroju, gdzie w\u0142a\u015bcicielka u\u017cala\u0142a si\u0119 nad stanem swojego zrabowanego towaru, tylko po to by policja na miejscu nie mog\u0142a potwierdzi\u0107 informacji o kradzie\u017cy i oznajmi\u0107, \u017ce pokrzywdzona nie z\u0142o\u017cy\u0142a zawiadomienia o przest\u0119pstwie.<\/p>\n\n\n\n<p class=\"has-normal-font-size\">Na koniec nie mo\u017ce zabrakn\u0105\u0107 oczywi\u015bcie ulubionego dla naszych elit w\u0105tku rosyjskiego. <a href=\"https:\/\/www.tvp.info\/82497730\/w-czasie-pierwszych-dni-powodzi-dezinformacja-ze-strony-bialoruskich-i-rosyjskich-sluzb-wzrosla-o-300-procent\">Minister cyfryzacji oznajmi\u0142<\/a>, \u017ce \u201cdezinformacja w sieci\u201d ze strony s\u0142u\u017cb bia\u0142oruskich i rosyjskich, wzros\u0142a w czasie powodzi o 300%. Jako informacje, kt\u00f3re by\u0142y \u201cmieszane z prawdziwymi\u201d, przez autor\u00f3w dezinformacji wymienia\u0142 takie narracje, jakie dominuj\u0105 w\u015br\u00f3d mieszka\u0144c\u00f3w teren\u00f3w zdewastowanych powodzi\u0105, jednocze\u015bnie wskazuj\u0105c, \u017ce osoby odpowiedzialne za powielanie tych narracji z pierwszej r\u0119ki powinny by\u0107 karane. Tak jak powiedzia\u0142 tak te\u017c zrobiono, poczynaj\u0105c od <a href=\"https:\/\/wiadomosci.wp.pl\/powodz-w-polsce-kulisy-zatrzymania-internauty-krytykujacego-sluzby-7074203549161984a\">zatrzymania 22-letniego mieszka\u0144ca <\/a>zniszczonego L\u0105dka-Zdr\u00f3j za dawanie relacji ze swoich do\u015bwiadcze\u0144 w trakcie tragedii.<\/p>\n\n\n\n<p class=\"has-medium-font-size\"><br><strong>Polityka Tragedii<\/strong><\/p>\n\n\n\n<p class=\"has-normal-font-size\">Wszyscy dzi\u015b s\u0142uchaj\u0105c medi\u00f3w jeste\u015bmy bombardowani przekazem klas rz\u0105dz\u0105cych o potrzebie zjednoczenia si\u0119 ponad podzia\u0142ami w obliczu tej tragedii.<\/p>\n\n\n\n<p class=\"has-normal-font-size\">Co musimy zrozumie\u0107 to fakt, \u017ce w swoim sednie narracja podzia\u0142u powsta\u0142a z praktyki lokalnych spo\u0142eczno\u015bci najbardziej zniszczonych t\u0105 powodzi\u0105, gdzie masy ludzi pracuj\u0105cych stoczy\u0142y samotn\u0105 walk\u0119 o swoje \u017cycie i maj\u0105tek, bez tych kt\u00f3rzy wok\u00f3\u0142 ich heroicznej pracy chc\u0105 si\u0119 w blasku fleszy jednoczy\u0107. Naszym zadaniem jako spo\u0142ecze\u0144stwa nie mo\u017ce by\u0107 zak\u0142amywanie rzeczywisto\u015bci na potrzeby narracji politycznej obecnie rz\u0105dz\u0105cych, ani jakiejkolwiek innej opcji politycznej. Prawd\u0105 jest, \u017ce ta pow\u00f3d\u017a ma aspekt zar\u00f3wno globalny, krajowy i lokalny w, kt\u00f3rych na ka\u017cdym szczeblu istniej\u0105 fundamentalne sprzeczno\u015bci uniemo\u017cliwiaj\u0105ce Nam obron\u0119 przed jej powt\u00f3rzeniem.<\/p>\n\n\n\n<p class=\"has-normal-font-size\">Musimy z tej tragedii wyci\u0105gn\u0105\u0107  szersze wnioski, a heroiczn\u0105 prac\u0119 przy obronie naszych dom\u00f3w uzupe\u0142ni\u0107 budow\u0105 alternatywy systemowej u podstaw opartej na tych, kt\u00f3rzy prac\u0119 u u\u017cyteczn\u0105 spo\u0142ecznie rzeczywi\u015bcie podejmuj\u0105, szuka\u0107 prawdziwie silnej w\u0142adzy z dala od korupcji i prze\u017cytku sal sejmowych.<\/p>\n\n\n\n<p class=\"has-normal-font-size\">Niech tak jak fala, kt\u00f3ra w ko\u0144cu opadnie, opadnie i widmo tych kt\u00f3rzy nasz\u0105 katastrof\u0105 si\u0119 \u017cywi\u0105.<\/p>\n\n\n\n<p><\/p>\n\n\n\n<p><\/p>\n\n\n\n<p>\u0179r\u00f3d\u0142a:<\/p>\n\n\n\n<p class=\"has-small-font-size\">1) <a href=\"https:\/\/dorzeczy.pl\/kraj\/634348\/wroclaw-woda-podeszla-pod-bloki-na-osiedlu-stablowice.html\">https:\/\/dorzeczy.pl\/kraj\/634348\/wroclaw-woda-podeszla-pod-bloki-na-osiedlu-stablowice.html<\/a><\/p>\n\n\n\n<p class=\"has-small-font-size\">2) <a href=\"https:\/\/tvn24.pl\/wroclaw\/burmistrzowie-stronia-slaskiego-i-ladka-zdroju-odsunieci-od-zarzadzania-kryzysowego-komentuja-ulatwi-nam-to-podniesienie-sie-z-kolan-st8095032\">https:\/\/tvn24.pl\/wroclaw\/burmistrzowie-stronia-slaskiego-i-ladka-zdroju-odsunieci-od-zarzadzania-kryzysowego-komentuja-ulatwi-nam-to-podniesienie-sie-z-kolan-st8095032<\/a><\/p>\n\n\n\n<p class=\"has-small-font-size\">3) <a href=\"https:\/\/www.facebook.com\/reel\/740674608188396\">https:\/\/www.facebook.com\/reel\/740674608188396<\/a><\/p>\n\n\n\n<p class=\"has-small-font-size\">4) <a href=\"https:\/\/next.gazeta.pl\/next\/7,172392,31317578,tusk-tlumaczy-sie-ze-slow-z-13-wrzesnia-patrzymy-w-prognozy.html\">https:\/\/next.gazeta.pl\/next\/7,172392,31317578,tusk-tlumaczy-sie-ze-slow-z-13-wrzesnia-patrzymy-w-prognozy.html<\/a><\/p>\n\n\n\n<p class=\"has-small-font-size\">5) <a href=\"https:\/\/www.money.pl\/gospodarka\/prokuratura-sciga-szabrownikow-zostana-skazani-w-trybie-przyspieszonym-7072804058774464a.html\">https:\/\/www.money.pl\/gospodarka\/prokuratura-sciga-szabrownikow-zostana-skazani-w-trybie-przyspieszonym-7072804058774464a.html<\/a><\/p>\n\n\n\n<p class=\"has-small-font-size\">6) <a href=\"https:\/\/wiadomosci.onet.pl\/wroclaw\/burmistrzowie-odsunieci-od-zarzadzania-kryzysowego-bylem-wsciekly\/tcr8np5\">https:\/\/wiadomosci.onet.pl\/wroclaw\/burmistrzowie-odsunieci-od-zarzadzania-kryzysowego-bylem-wsciekly\/tcr8np5<\/a><\/p>\n\n\n\n<p class=\"has-small-font-size\">7) <a href=\"https:\/\/businessinsider.com.pl\/wiadomosci\/policja-namierzyla-blisko-30-kont-szerzacych-dezinformacje-zwiazana-z-powodzia\/e68dz29\">https:\/\/businessinsider.com.pl\/wiadomosci\/policja-namierzyla-blisko-30-kont-szerzacych-dezinformacje-zwiazana-z-powodzia\/e68dz29<\/a><\/p>\n\n\n\n<p class=\"has-small-font-size\">8) <a href=\"https:\/\/dorzeczy.pl\/opinie\/634960\/burmistrz-klodzka-o-peknieciu-tamy-dowiedzialem-sie-od-dziennikarki.html\">https:\/\/dorzeczy.pl\/opinie\/634960\/burmistrz-klodzka-o-peknieciu-tamy-dowiedzialem-sie-od-dziennikarki.html<\/a><\/p>\n\n\n\n<p class=\"has-small-font-size\">9) <a href=\"https:\/\/www.salon24.pl\/u\/gotowynawszystko\/1401161,oni-sprzeciwiali-sie-budowie-zbiornikow-retencyjnych-i-regulacji-wod\">https:\/\/www.salon24.pl\/u\/gotowynawszystko\/1401161,oni-sprzeciwiali-sie-budowie-zbiornikow-retencyjnych-i-regulacji-wod<\/a><\/p>\n\n\n\n<p class=\"has-small-font-size\">10) <a href=\"https:\/\/polityka.se.pl\/wiadomosci\/pis-krytykuje-brak-zbiornikow-retencyjnych-choc-wczesniej-sami-byli-przeciwni-ich-budowie-aa-hFy1-sPUi-8dcE.html\">https:\/\/polityka.se.pl\/wiadomosci\/pis-krytykuje-brak-zbiornikow-retencyjnych-choc-wczesniej-sami-byli-przeciwni-ich-budowie-aa-hFy1-sPUi-8dcE.html<\/a><\/p>\n\n\n\n<p class=\"has-small-font-size\">11) <a href=\"https:\/\/wiadomosci.gazeta.pl\/wiadomosci\/7,114883,31324018,mieszkaniec-stojkowa-cala-polska-bedzie-chciala-wystapic-przeciwko.html\">https:\/\/wiadomosci.gazeta.pl\/wiadomosci\/7,114883,31324018,mieszkaniec-stojkowa-cala-polska-bedzie-chciala-wystapic-przeciwko.html<\/a><\/p>\n\n\n\n<p class=\"has-small-font-size\">12) <a href=\"https:\/\/www.tvp.info\/82460029\/powodzi-mozna-bylo-uniknac-zaskakujace-wnioski-nik-ostre-slowa-mariana-banasia\">https:\/\/www.tvp.info\/82460029\/powodzi-mozna-bylo-uniknac-zaskakujace-wnioski-nik-ostre-slowa-mariana-banasia<\/a><\/p>\n\n\n\n<p class=\"has-small-font-size\">13) <a href=\"https:\/\/businessinsider.com.pl\/gielda\/wiadomosci\/tauron-tlumaczy-wielki-zrzut-wody-dlaczego-akurat-teraz\/r8ew5qp\">https:\/\/businessinsider.com.pl\/gielda\/wiadomosci\/tauron-tlumaczy-wielki-zrzut-wody-dlaczego-akurat-teraz\/r8ew5qp<\/a><\/p>\n\n\n\n<p class=\"has-small-font-size\">14) <a href=\"https:\/\/dorzeczy.pl\/opinie\/636088\/powodz-w-polsce-ujawnione-informacje-pograza-premiera.html\">https:\/\/dorzeczy.pl\/opinie\/636088\/powodz-w-polsce-ujawnione-informacje-pograza-premiera.html<\/a><\/p>\n\n\n\n<p class=\"has-small-font-size\">15) <a href=\"https:\/\/www.money.pl\/gospodarka\/mieszkancy-cieplic-masowo-zglaszaja-sie-do-prokuratury-przynosza-filmy-i-zdjecia-7074811647707840a.html\">https:\/\/www.money.pl\/gospodarka\/mieszkancy-cieplic-masowo-zglaszaja-sie-do-prokuratury-przynosza-filmy-i-zdjecia-7074811647707840a.html<\/a><\/p>\n\n\n\n<p class=\"has-small-font-size\">16) <a href=\"https:\/\/wiadomosci.wp.pl\/rozwala-sie-uciekajcie-dlaczego-w-stroniu-slaskim-nie-wiedzieli-co-nadciaga-7074543233448448a\">https:\/\/wiadomosci.wp.pl\/rozwala-sie-uciekajcie-dlaczego-w-stroniu-slaskim-nie-wiedzieli-co-nadciaga-7074543233448448a<\/a><\/p>\n\n\n\n<p class=\"has-small-font-size\">17) <a href=\"https:\/\/www.tvp.info\/82497730\/w-czasie-pierwszych-dni-powodzi-dezinformacja-ze-strony-bialoruskich-i-rosyjskich-sluzb-wzrosla-o-300-procent\">https:\/\/www.tvp.info\/82497730\/w-czasie-pierwszych-dni-powodzi-dezinformacja-ze-strony-bialoruskich-i-rosyjskich-sluzb-wzrosla-o-300-procent<\/a><\/p>\n\n\n\n<p class=\"has-small-font-size\">18) <a href=\"https:\/\/superbiz.se.pl\/wiadomosci\/milioner-rozkopal-wal-powodziowy-w-jeleniej-gorze-prokuratura-wszczela-sledztwo-aa-SsYU-Nkkt-kuQR.html\">https:\/\/superbiz.se.pl\/wiadomosci\/milioner-rozkopal-wal-powodziowy-w-jeleniej-gorze-prokuratura-wszczela-sledztwo-aa-SsYU-Nkkt-kuQR.html<\/a><\/p>\n\n\n\n<p class=\"has-small-font-size\">19) <a href=\"https:\/\/www.fakt.pl\/wydarzenia\/powodz-w-glucholazach-uwieziony-na-wysepce-ujawnia-szokujace-kulisy\/ps104gf\">https:\/\/www.fakt.pl\/wydarzenia\/powodz-w-glucholazach-uwieziony-na-wysepce-ujawnia-szokujace-kulisy\/ps104gf<\/a><\/p>\n\n\n\n<p class=\"has-small-font-size\">20) <a href=\"https:\/\/wiadomosci.wp.pl\/powodz-w-polsce-kulisy-zatrzymania-internauty-krytykujacego-sluzby-7074203549161984a\">https:\/\/wiadomosci.wp.pl\/powodz-w-polsce-kulisy-zatrzymania-internauty-krytykujacego-sluzby-7074203549161984a<\/a><\/p>\n\n\n\n<p class=\"has-small-font-size\">21) <a href=\"http:\/\/www.gov.pl\/web\/wody-polskie-wroclaw\/obszar-dzialania\">www.gov.pl\/web\/wody-polskie-wroclaw\/obszar-dzialania<\/a><\/p>\n","protected":false},"excerpt":{"rendered":"<p>Od 13 Wrze\u015bnia na terenie Polski i ca\u0142ej Europy \u015arodkowo-Wschodniej jeste\u015bmy \u015bwiadkami nawi\u0119kszych fali powodziowych od 1997 roku, ta druga w ci\u0105gu mniej ni\u017c trzydziestu lat \u2018pow\u00f3d\u017a 1000-lecia\u2019, przyczyni\u0142a si\u0119 na ten moment do \u015bmierci co najmniej 9 os\u00f3b w Polsce, a 1 osoba wci\u0105\u017c uznawana jest za zaginion\u0105. Jednak bardziej ni\u017c powodzi, ludzie padli&#8230;<\/p>\n","protected":false},"author":1,"featured_media":201,"comment_status":"open","ping_status":"open","sticky":false,"template":"","format":"standard","meta":{"footnotes":""},"categories":[3],"tags":[],"class_list":["post-113","post","type-post","status-publish","format-standard","has-post-thumbnail","hentry","category-artykul"],"_links":{"self":[{"href":"https:\/\/sprawapowszechna.org\/index.php?rest_route=\/wp\/v2\/posts\/113","targetHints":{"allow":["GET"]}}],"collection":[{"href":"https:\/\/sprawapowszechna.org\/index.php?rest_route=\/wp\/v2\/posts"}],"about":[{"href":"https:\/\/sprawapowszechna.org\/index.php?rest_route=\/wp\/v2\/types\/post"}],"author":[{"embeddable":true,"href":"https:\/\/sprawapowszechna.org\/index.php?rest_route=\/wp\/v2\/users\/1"}],"replies":[{"embeddable":true,"href":"https:\/\/sprawapowszechna.org\/index.php?rest_route=%2Fwp%2Fv2%2Fcomments&post=113"}],"version-history":[{"count":5,"href":"https:\/\/sprawapowszechna.org\/index.php?rest_route=\/wp\/v2\/posts\/113\/revisions"}],"predecessor-version":[{"id":215,"href":"https:\/\/sprawapowszechna.org\/index.php?rest_route=\/wp\/v2\/posts\/113\/revisions\/215"}],"wp:featuredmedia":[{"embeddable":true,"href":"https:\/\/sprawapowszechna.org\/index.php?rest_route=\/wp\/v2\/media\/201"}],"wp:attachment":[{"href":"https:\/\/sprawapowszechna.org\/index.php?rest_route=%2Fwp%2Fv2%2Fmedia&parent=113"}],"wp:term":[{"taxonomy":"category","embeddable":true,"href":"https:\/\/sprawapowszechna.org\/index.php?rest_route=%2Fwp%2Fv2%2Fcategories&post=113"},{"taxonomy":"post_tag","embeddable":true,"href":"https:\/\/sprawapowszechna.org\/index.php?rest_route=%2Fwp%2Fv2%2Ftags&post=113"}],"curies":[{"name":"wp","href":"https:\/\/api.w.org\/{rel}","templated":true}]}}